{"id":7511,"date":"2024-11-06T03:14:23","date_gmt":"2024-11-06T03:14:23","guid":{"rendered":"https:\/\/infozamoraec.com\/?p=7511"},"modified":"2024-11-06T03:14:23","modified_gmt":"2024-11-06T03:14:23","slug":"asambleistas-del-correismo-apoyan-a-maduro-en-foro-antifascista-en-caracas","status":"publish","type":"post","link":"https:\/\/infozamoraec.com\/index.php\/2024\/11\/06\/asambleistas-del-correismo-apoyan-a-maduro-en-foro-antifascista-en-caracas\/","title":{"rendered":"Asamble\u00edstas del corre\u00edsmo apoyan a Maduro en foro \u2018Antifascista\u2019 en Caracas"},"content":{"rendered":"<p>Los legisladores de la Revoluci\u00f3n Ciudadana, Pierina Correa, Jhajaira Urresta, Gustavo Mateus, Margarita Arotingo, Christian Vega, Ricardo Ulcuango, Jos\u00e9 Agualsaca, y Victoria Desintonio, participaron desde el 3 al 5 de noviembre de 2024, en el Foro Mundial Parlamentario Antifascista organizado por la dictadura venezolana en Caracas.<\/p>\n<p>En el chat de prensa de la Asamblea Nacional del Ecuador, circul\u00f3 hoy, 6 de noviembre de 2024, se revel\u00f3 una fotograf\u00eda, reenviada por el periodista venezolano Jefferson D\u00edaz, donde se observa a los ocho legisladores corre\u00edstas acompa\u00f1ados de un grupo de funcionarios chavitas.<\/p>\n<p>D\u00edaz record\u00f3 que muchos de esos funcionarios, fueron en contra de los Derechos Humanos de los migrantes venezolanos en el pa\u00eds.<\/p>\n<p>Seg\u00fan detall\u00f3 Infobae, el evento se enfoc\u00f3 en las \u201cluchas contra el colonialismo, el neocolonialismo, el fascismo y el exterminio de los pueblos\u201d, se\u00f1al\u00f3 el medio citando informaci\u00f3n de Venezuela News.<\/p>\n<p>Por otro lado, adem\u00e1s de Ecuador, el foro en Caracas recibi\u00f3 a legisladores, invitados y ponentes de Panam\u00e1, Espa\u00f1a M\u00e9xico, Belice, Barbados, Bolivia, Pa\u00edses Bajos, Colombia, Rusia, Ir\u00e1n, La Liga Al-Quds, Sud\u00e1frica.<\/p>\n<p>EFE indic\u00f3 que se trat\u00f3 de \u201cuna \u2018ofensiva\u2019 contra acciones de la \u2018ultraderecha\u2019, tras el reconocimiento por parte de varios parlamentos del dirigente opositor Edmundo Gonz\u00e1lez Urrutia como ganador de las pasadas elecciones presidenciales en el pa\u00eds caribe\u00f1o, en las que Nicol\u00e1s Maduro fue proclamado presidente electo por el ente comicial, tambi\u00e9n public\u00f3 Infobae. \u201cLa Delegaci\u00f3n de Ecuador llega a suelo venezolano para participar en el Foro Mundial Parlamentario Antifascista\u201d, public\u00f3 en sus redes sociales la Asamblea de Venezuela.<\/p>\n<p>A los asamble\u00edstas dem corre\u00edsmo se los observa sonrientes junto a unos cuadros de los dictadores Hugo Ch\u00e1vez y Nicol\u00e1s Maduro. EFE<\/p>\n","protected":false},"excerpt":{"rendered":"<p>Los legisladores de la Revoluci\u00f3n Ciudadana, Pierina Correa, Jhajaira Urresta, Gustavo Mateus, Margarita Arotingo, Christian Vega, Ricardo Ulcuango, Jos\u00e9 Agualsaca, y Victoria Desintonio, participaron desde el 3 al 5 de noviembre de 2024, en el Foro Mundial Parlamentario Antifascista organizado por la dictadura venezolana en Caracas. En el chat de prensa de la Asamblea Nacional [&hellip;]<\/p>\n","protected":false},"author":1,"featured_media":7512,"comment_status":"open","ping_status":"open","sticky":false,"template":"","format":"standard","meta":{"footnotes":""},"categories":[12],"tags":[],"_links":{"self":[{"href":"https:\/\/infozamoraec.com\/index.php\/wp-json\/wp\/v2\/posts\/7511"}],"collection":[{"href":"https:\/\/infozamoraec.com\/index.php\/wp-json\/wp\/v2\/posts"}],"about":[{"href":"https:\/\/infozamoraec.com\/index.php\/wp-json\/wp\/v2\/types\/post"}],"author":[{"embeddable":true,"href":"https:\/\/infozamoraec.com\/index.php\/wp-json\/wp\/v2\/users\/1"}],"replies":[{"embeddable":true,"href":"https:\/\/infozamoraec.com\/index.php\/wp-json\/wp\/v2\/comments?post=7511"}],"version-history":[{"count":1,"href":"https:\/\/infozamoraec.com\/index.php\/wp-json\/wp\/v2\/posts\/7511\/revisions"}],"predecessor-version":[{"id":7513,"href":"https:\/\/infozamoraec.com\/index.php\/wp-json\/wp\/v2\/posts\/7511\/revisions\/7513"}],"wp:featuredmedia":[{"embeddable":true,"href":"https:\/\/infozamoraec.com\/index.php\/wp-json\/wp\/v2\/media\/7512"}],"wp:attachment":[{"href":"https:\/\/infozamoraec.com\/index.php\/wp-json\/wp\/v2\/media?parent=7511"}],"wp:term":[{"taxonomy":"category","embeddable":true,"href":"https:\/\/infozamoraec.com\/index.php\/wp-json\/wp\/v2\/categories?post=7511"},{"taxonomy":"post_tag","embeddable":true,"href":"https:\/\/infozamoraec.com\/index.php\/wp-json\/wp\/v2\/tags?post=7511"}],"curies":[{"name":"wp","href":"https:\/\/api.w.org\/{rel}","templated":true}]}}