{"id":7504,"date":"2024-11-06T03:07:26","date_gmt":"2024-11-06T03:07:26","guid":{"rendered":"https:\/\/infozamoraec.com\/?p=7504"},"modified":"2024-11-06T03:07:26","modified_gmt":"2024-11-06T03:07:26","slug":"comunidad-educativa-recibe-cubierta-en-san-francisco-del-vergel","status":"publish","type":"post","link":"https:\/\/infozamoraec.com\/index.php\/2024\/11\/06\/comunidad-educativa-recibe-cubierta-en-san-francisco-del-vergel\/","title":{"rendered":"Comunidad educativa recibe cubierta en San Francisco del Vergel"},"content":{"rendered":"<p>El Gobierno Aut\u00f3nomo Descentralizado del cant\u00f3n Palanda inaugur\u00f3 el mi\u00e9rcoles 30 de octubre de 2024 la cubierta de la cancha de uso m\u00faltiple del Colegio Valle del Chinchipe, ubicado en la parroquia San Francisco del Vergel. La obra tuvo un costo aproximado de 92,000 d\u00f3lares e incluy\u00f3 la construcci\u00f3n de grader\u00edos, la instalaci\u00f3n de luminarias y el pintado de la cancha.<\/p>\n<p>Durante la inauguraci\u00f3n, la comunidad de San Francisco del Vergel y los habitantes del cant\u00f3n Palanda participaron en una tarde deportiva que incluy\u00f3 encuentros de indor f\u00fatbol y ecuavoley.<\/p>\n<p>En la noche, se llev\u00f3 a cabo una agenda sociocultural con presentaciones de danzas folcl\u00f3ricas, baile moderno y actuaciones de artistas locales y nacionales.<\/p>\n<p>Los beneficiarios de esta obra son alrededor de 180 alumnos del plantel educativo y los habitantes de la parroquia. Para su construcci\u00f3n, el GAD Parroquial firm\u00f3 un convenio con el Ministerio de Educaci\u00f3n a trav\u00e9s del Distrito Chinchipe Palanda.<\/p>\n","protected":false},"excerpt":{"rendered":"<p>El Gobierno Aut\u00f3nomo Descentralizado del cant\u00f3n Palanda inaugur\u00f3 el mi\u00e9rcoles 30 de octubre de 2024 la cubierta de la cancha de uso m\u00faltiple del Colegio Valle del Chinchipe, ubicado en la parroquia San Francisco del Vergel. La obra tuvo un costo aproximado de 92,000 d\u00f3lares e incluy\u00f3 la construcci\u00f3n de grader\u00edos, la instalaci\u00f3n de luminarias [&hellip;]<\/p>\n","protected":false},"author":1,"featured_media":7505,"comment_status":"open","ping_status":"open","sticky":false,"template":"","format":"standard","meta":{"footnotes":""},"categories":[9],"tags":[],"_links":{"self":[{"href":"https:\/\/infozamoraec.com\/index.php\/wp-json\/wp\/v2\/posts\/7504"}],"collection":[{"href":"https:\/\/infozamoraec.com\/index.php\/wp-json\/wp\/v2\/posts"}],"about":[{"href":"https:\/\/infozamoraec.com\/index.php\/wp-json\/wp\/v2\/types\/post"}],"author":[{"embeddable":true,"href":"https:\/\/infozamoraec.com\/index.php\/wp-json\/wp\/v2\/users\/1"}],"replies":[{"embeddable":true,"href":"https:\/\/infozamoraec.com\/index.php\/wp-json\/wp\/v2\/comments?post=7504"}],"version-history":[{"count":1,"href":"https:\/\/infozamoraec.com\/index.php\/wp-json\/wp\/v2\/posts\/7504\/revisions"}],"predecessor-version":[{"id":7506,"href":"https:\/\/infozamoraec.com\/index.php\/wp-json\/wp\/v2\/posts\/7504\/revisions\/7506"}],"wp:featuredmedia":[{"embeddable":true,"href":"https:\/\/infozamoraec.com\/index.php\/wp-json\/wp\/v2\/media\/7505"}],"wp:attachment":[{"href":"https:\/\/infozamoraec.com\/index.php\/wp-json\/wp\/v2\/media?parent=7504"}],"wp:term":[{"taxonomy":"category","embeddable":true,"href":"https:\/\/infozamoraec.com\/index.php\/wp-json\/wp\/v2\/categories?post=7504"},{"taxonomy":"post_tag","embeddable":true,"href":"https:\/\/infozamoraec.com\/index.php\/wp-json\/wp\/v2\/tags?post=7504"}],"curies":[{"name":"wp","href":"https:\/\/api.w.org\/{rel}","templated":true}]}}