{"id":7490,"date":"2024-11-04T21:33:47","date_gmt":"2024-11-04T21:33:47","guid":{"rendered":"https:\/\/infozamoraec.com\/?p=7490"},"modified":"2024-11-04T21:33:47","modified_gmt":"2024-11-04T21:33:47","slug":"miles-exigen-justicia-en-mexico-por-crimen-de-padre","status":"publish","type":"post","link":"https:\/\/infozamoraec.com\/index.php\/2024\/11\/04\/miles-exigen-justicia-en-mexico-por-crimen-de-padre\/","title":{"rendered":"Miles exigen justicia en M\u00e9xico por crimen de padre"},"content":{"rendered":"<p>M\u00e1s de 20.000 ind\u00edgenas de nueve etnias, pobladores, creyentes y organizaciones civiles peregrinaron este domingo (03.11.2024) por las calles de San Crist\u00f3bal de Las Casas para pedir justicia por el asesinato del\u00a0<a class=\"internal-link\" href=\"https:\/\/www.dw.com\/es\/onu-condena-asesinato-del-sacerdote-marcelo-p%C3%A9rez-en-m%C3%A9xico\/a-70547486\" target=\"_blank\" rel=\"noopener\">padre Marcelo P\u00e9rez<\/a>, defensor de los derechos humanos de los pueblos ind\u00edgenas en el estado de\u00a0Chiapas, en el sur de\u00a0<a class=\"internal-link\" href=\"https:\/\/www.dw.com\/es\/colorido-desfile-del-d%C3%ADa-de-muertos-recorre-ciudad-de-m%C3%A9xico\/a-70670775\" target=\"_blank\" rel=\"noopener\">M\u00e9xico<\/a>.<\/p>\n<p>\u00abNosotros no sabemos c\u00f3mo van los procedimientos, no sabemos nada, seguimos en espera\u201d, dijo a EFE Romeo P\u00e9rez P\u00e9rez, hermano de Marcelo, quien particip\u00f3 en la manifestaci\u00f3n a 15 d\u00edas del homicidio.<\/p>\n<p>El padre Marcelo P\u00e9rez, sacerdote ind\u00edgena tzotzil, fue asesinado a tiros el pasado 20 de octubre en San Crist\u00f3bal de las Casas, una ciudad tur\u00edstica chiapaneca.<\/p>\n<p>La labor del padre Marcelo no solo se limitaba a su vocaci\u00f3n pastoral, tambi\u00e9n era un firme defensor de los derechos de los pueblos ind\u00edgenas y hab\u00eda recibido medidas cautelares por parte de la Comisi\u00f3n Interamericana de Derechos Humanos (CIDH) debido a las amenazas en su contra.<\/p>\n<p>El Centro de derechos humanos Minerva Bello de Chilpancingo, que coadyuva en la parte jur\u00eddica del caso del padre Marcelo para exigir una justicia m\u00e1s amplia, t\u00e9cnica y predecible, revel\u00f3 que hay una persona detenida y dos m\u00e1s est\u00e1n siendo investigados.<\/p>\n<p>\u00abEstamos en etapa de investigaci\u00f3n complementaria, hay una persona vinculada a proceso y 2 personas con \u00f3rdenes de aprehensi\u00f3n sin ejecutar, sabemos qui\u00e9nes son, pero no podemos revelar sus nombres\u201d, dijo el padre Jos\u00e9 Filiberto Vel\u00e1zquez Florencio.<\/p>\n<p>Despu\u00e9s del asesinato del padre Marcelo los manifestantes y la di\u00f3cesis de San Crist\u00f3bal se\u00f1alaron que la violencia va en aumento en toda la regi\u00f3n pues hay m\u00e1s asesinatos, patrullajes en camionetas y motocicletas que acosan a la poblaci\u00f3n, a defensores de derechos humanos, a periodistas y al clero.<\/p>\n<p>\u00abHacemos un llamado con una profunda caridad y en una sinton\u00eda de paz a las autoridades del Estado, a las autoridades federales, a que puedan ellos ofrecer las garant\u00edas de seguridad\u201d, expres\u00f3 Miguel \u00c1nguel Montoya, vicario de Justicia y Paz de la di\u00f3cesis local.<\/p>\n<p>Los contingentes salieron de tres puntos de la ciudad: al oriente con m\u00e1s de 10.000 personas, al poniente se dejaron ver unas 4.000 personas y al sur otras 6.000 personas, todas ellas portando banderas blancas, con la leyenda \u00abPaz\u201d.<\/p>\n<div class=\"render-container rich-text-ad\"><\/div>\n<h2>Violencia contra pueblos ind\u00edgenas en Chiapas<\/h2>\n<p>Otras m\u00e1s ped\u00edan \u00abFuera el crimen organizado\u201d, \u00abAlto a la narcopol\u00edtica\u201d, \u00abJusticia para el padre Marcelo\u201d, \u00abAlto al desplazamiento forzado\u201d, \u00abGobierno asesino, matas a sacerdotes constructores de paz\u201d, \u00abSi callas la voz de los profetas las piedras hablar\u00e1n\u201d o \u00abEl pueblo unido jam\u00e1s ser\u00e1 vencido\u201d.<\/p>\n<p>Los manifestantes tambi\u00e9n cantaron el himno \u00abNo tengo miedo: en mi alma yo s\u00e9 con honda fe que pronto venceremos, pronto venceremos, juntos lucharemos al final. Quiero que mi pa\u00eds sea feliz con amor y libertad\u201d, compuesto por el padre Marcelo P\u00e9rez P\u00e9rez.<\/p>\n<p>El contingente termin\u00f3 en el centro de la ciudad frente al altar de flores de colores, semillas, veladoras, incienso, la imagen del padre Marcelo, la del obispo Samuel Ruiz Garc\u00eda, y un templete donde oficiaron la misa y se leyeron las denuncias del pueblo creyente ante la ola de violencia del crimen organizado.<\/p>\n<p>Est\u00e1 mega marcha se da en un contexto de violencia que viven ciudades, pueblos y comunidades ind\u00edgenas de Chiapas desde hace seis a\u00f1os atr\u00e1s y que a la fecha contin\u00faan en la zona Frontera, Sierra, Soconusco, Costa, Cuxtepeques, Fraylesca, Valles, Selva y Altos, principalmente.<\/p>\n<p>Las organizaciones se\u00f1alaron las agresiones las cuales van desde asesinatos, desapariciones, desplazamientos forzados, secuestros, desaparici\u00f3n de ni\u00f1as, ni\u00f1os, adolescentes y j\u00f3venes, y reclutamiento forzado, comunidades secuestradas por grupos criminales que les obligan a ponerse como barrera humana.<\/p>\n<p>Tambi\u00e9n extorsiones, conocidas como &#8216;cobro de piso&#8217;, as\u00ed como intimidaciones y amenazas a defensoras y defensores de derechos humanos y del territorio, y a sacerdotes, misioneras y misioneros.<\/p>\n<p>El asesinato de P\u00e9rez ha sido condenado por diversas instancias defensoras de derechos humanos, la Iglesia cat\u00f3lica y la presidenta de M\u00e9xico,\u00a0<a class=\"internal-link\" href=\"https:\/\/www.dw.com\/es\/sheinbaum-claudia\/t-69249825\" target=\"_blank\" rel=\"noopener\">Claudia Sheinbaum<\/a>, quien asegur\u00f3 que su Gobierno est\u00e1 trabajando para esclarecer el caso.<\/p>\n<p>mg (efe, el heraldo de chiapas)<\/p>\n","protected":false},"excerpt":{"rendered":"<p>M\u00e1s de 20.000 ind\u00edgenas de nueve etnias, pobladores, creyentes y organizaciones civiles peregrinaron este domingo (03.11.2024) por las calles de San Crist\u00f3bal de Las Casas para pedir justicia por el asesinato del\u00a0padre Marcelo P\u00e9rez, defensor de los derechos humanos de los pueblos ind\u00edgenas en el estado de\u00a0Chiapas, en el sur de\u00a0M\u00e9xico. \u00abNosotros no sabemos c\u00f3mo [&hellip;]<\/p>\n","protected":false},"author":1,"featured_media":7491,"comment_status":"open","ping_status":"open","sticky":false,"template":"","format":"standard","meta":{"footnotes":""},"categories":[8],"tags":[],"_links":{"self":[{"href":"https:\/\/infozamoraec.com\/index.php\/wp-json\/wp\/v2\/posts\/7490"}],"collection":[{"href":"https:\/\/infozamoraec.com\/index.php\/wp-json\/wp\/v2\/posts"}],"about":[{"href":"https:\/\/infozamoraec.com\/index.php\/wp-json\/wp\/v2\/types\/post"}],"author":[{"embeddable":true,"href":"https:\/\/infozamoraec.com\/index.php\/wp-json\/wp\/v2\/users\/1"}],"replies":[{"embeddable":true,"href":"https:\/\/infozamoraec.com\/index.php\/wp-json\/wp\/v2\/comments?post=7490"}],"version-history":[{"count":1,"href":"https:\/\/infozamoraec.com\/index.php\/wp-json\/wp\/v2\/posts\/7490\/revisions"}],"predecessor-version":[{"id":7492,"href":"https:\/\/infozamoraec.com\/index.php\/wp-json\/wp\/v2\/posts\/7490\/revisions\/7492"}],"wp:featuredmedia":[{"embeddable":true,"href":"https:\/\/infozamoraec.com\/index.php\/wp-json\/wp\/v2\/media\/7491"}],"wp:attachment":[{"href":"https:\/\/infozamoraec.com\/index.php\/wp-json\/wp\/v2\/media?parent=7490"}],"wp:term":[{"taxonomy":"category","embeddable":true,"href":"https:\/\/infozamoraec.com\/index.php\/wp-json\/wp\/v2\/categories?post=7490"},{"taxonomy":"post_tag","embeddable":true,"href":"https:\/\/infozamoraec.com\/index.php\/wp-json\/wp\/v2\/tags?post=7490"}],"curies":[{"name":"wp","href":"https:\/\/api.w.org\/{rel}","templated":true}]}}