{"id":7474,"date":"2024-11-04T21:18:14","date_gmt":"2024-11-04T21:18:14","guid":{"rendered":"https:\/\/infozamoraec.com\/?p=7474"},"modified":"2024-11-04T21:18:14","modified_gmt":"2024-11-04T21:18:14","slug":"la-policia-de-ecuador-ha-liquidado-a-100-delincuentes-durante-el-gobierno-de-noboa","status":"publish","type":"post","link":"https:\/\/infozamoraec.com\/index.php\/2024\/11\/04\/la-policia-de-ecuador-ha-liquidado-a-100-delincuentes-durante-el-gobierno-de-noboa\/","title":{"rendered":"La Polic\u00eda de Ecuador ha l\u00edquidado a 100 delincuentes durante el gobierno de Noboa"},"content":{"rendered":"<p>La Polic\u00eda Nacional de Ecuador ha dado de baja a 100 presuntos delincuentes en los primeros diez meses de 2024, en enfrentamientos donde los agentes dispararon contra ellos para abatirlos \u00aben uso leg\u00edtimo de la fuerza\u00bb, seg\u00fan anunci\u00f3 la misma instituci\u00f3n policial.La mayor\u00eda de las muertes se registraron en la costera provincia de Guayas (44), de ellas 34 \u00fanicamente dentro de su capital Guayaquil y su \u00e1rea metropolitana.<\/p>\n<p>Con 16 presuntos delincuentes abatidos figura la vecina provincia rural y tropical de Los R\u00edos y con nueve se encuentra la sure\u00f1a provincia costera de Los R\u00edos, fronteriza con Per\u00fa; mientras que con siete aparece Manab\u00ed, provincia de la costa central de Ecuador.Estas cuatro provincias que concentran la mayor parte de los casos de presuntos delincuentes abatidos por la Polic\u00eda se encuentran dentro del \u00faltimo estado de excepci\u00f3n decretado por el presidente, Daniel Noboa, para combatir a las bandas de crimen organizado.<\/p>\n<p>\u00abComo Polic\u00eda de Ecuador, privilegiamos siempre la vida. Sin embargo, en defensa de nuestros ciudadanos as\u00ed como el de nuestros servidores policiales, hemos hecho uso leg\u00edtimo de la fuerza\u00bb, se\u00f1al\u00f3 en redes sociales el comandante general de la Polic\u00eda, V\u00edctor Z\u00e1rate, para explicar el elevado n\u00famero de presuntos delincuentes fallecidos.El incremento de actuaciones letales de la Polic\u00eda ecuatoriana se ha acelerado desde 2023 y contrasta con los seis casos que se registraron en 2022.<\/p>\n<p>Esto se debe a las disposiciones marcadas por el Gobierno para enfrentar la crecida de la delincuencia, lo que incluye que puedan hacer uso de las armas de fuego para repeler una ataque o para neutralizar a un delincuente en flagrancia que represente una amenaza.<\/p>\n","protected":false},"excerpt":{"rendered":"<p>La Polic\u00eda Nacional de Ecuador ha dado de baja a 100 presuntos delincuentes en los primeros diez meses de 2024, en enfrentamientos donde los agentes dispararon contra ellos para abatirlos \u00aben uso leg\u00edtimo de la fuerza\u00bb, seg\u00fan anunci\u00f3 la misma instituci\u00f3n policial.La mayor\u00eda de las muertes se registraron en la costera provincia de Guayas (44), [&hellip;]<\/p>\n","protected":false},"author":1,"featured_media":7475,"comment_status":"open","ping_status":"open","sticky":false,"template":"","format":"standard","meta":{"footnotes":""},"categories":[12],"tags":[],"_links":{"self":[{"href":"https:\/\/infozamoraec.com\/index.php\/wp-json\/wp\/v2\/posts\/7474"}],"collection":[{"href":"https:\/\/infozamoraec.com\/index.php\/wp-json\/wp\/v2\/posts"}],"about":[{"href":"https:\/\/infozamoraec.com\/index.php\/wp-json\/wp\/v2\/types\/post"}],"author":[{"embeddable":true,"href":"https:\/\/infozamoraec.com\/index.php\/wp-json\/wp\/v2\/users\/1"}],"replies":[{"embeddable":true,"href":"https:\/\/infozamoraec.com\/index.php\/wp-json\/wp\/v2\/comments?post=7474"}],"version-history":[{"count":2,"href":"https:\/\/infozamoraec.com\/index.php\/wp-json\/wp\/v2\/posts\/7474\/revisions"}],"predecessor-version":[{"id":7477,"href":"https:\/\/infozamoraec.com\/index.php\/wp-json\/wp\/v2\/posts\/7474\/revisions\/7477"}],"wp:featuredmedia":[{"embeddable":true,"href":"https:\/\/infozamoraec.com\/index.php\/wp-json\/wp\/v2\/media\/7475"}],"wp:attachment":[{"href":"https:\/\/infozamoraec.com\/index.php\/wp-json\/wp\/v2\/media?parent=7474"}],"wp:term":[{"taxonomy":"category","embeddable":true,"href":"https:\/\/infozamoraec.com\/index.php\/wp-json\/wp\/v2\/categories?post=7474"},{"taxonomy":"post_tag","embeddable":true,"href":"https:\/\/infozamoraec.com\/index.php\/wp-json\/wp\/v2\/tags?post=7474"}],"curies":[{"name":"wp","href":"https:\/\/api.w.org\/{rel}","templated":true}]}}