{"id":7471,"date":"2024-11-04T21:15:40","date_gmt":"2024-11-04T21:15:40","guid":{"rendered":"https:\/\/infozamoraec.com\/?p=7471"},"modified":"2024-11-04T21:15:40","modified_gmt":"2024-11-04T21:15:40","slug":"hallan-el-cadaver-de-sacerdote-que-fue-reportado-como-desaparecido-en-ambato","status":"publish","type":"post","link":"https:\/\/infozamoraec.com\/index.php\/2024\/11\/04\/hallan-el-cadaver-de-sacerdote-que-fue-reportado-como-desaparecido-en-ambato\/","title":{"rendered":"Hallan el cad\u00e1ver de sacerdote que fue reportado como desaparecido en Ambato"},"content":{"rendered":"<p>La Fiscal\u00eda de Ecuador inform\u00f3 este lunes que el cad\u00e1ver del sacerdote Enrique Fabi\u00e1n Arcos Sevilla fue encontrado en la zona de Panzaleo, en el centro andino del pa\u00eds, cuatro d\u00edas despu\u00e9s de que se reportara como desaparecido.<\/p>\n<p>\u00abInformamos que luego de cuatro d\u00edas de b\u00fasqueda, el cuerpo sin vida de Enrique Fabi\u00e1n Arcos Sevilla, reportado como desaparecido desde el 30 de octubre de 2024 en Ambato, fue localizado por el sector de Panzaleo\u00bb, se\u00f1al\u00f3 la Fiscal\u00eda en un mensaje por la red social X.<\/p>\n<p><strong>Seg\u00fan medios locales, al parecer el cuerpo del sacerdote mostraba signos de violencia y ten\u00eda las manos atadas, aunque la versi\u00f3n no ha sido confirmada por las autoridades.<\/strong><\/p>\n<p>El religioso prestaba apoyo en las celebraciones religiosas en la parroquia de Huachi Chico, en el sur de la ciudad andina de Ambato, la capital de la provincia de Tungurahua, seg\u00fan el portal informativo del diario El Universo.<\/p>\n<p>El hallazgo del cad\u00e1ver del religioso ha causado una onda preocupaci\u00f3n entre la poblaci\u00f3n de Ambato, sobre todo de la comunidad religiosa, que se hab\u00eda unido en oraci\u00f3n desde que se enter\u00f3 de su desaparici\u00f3n.<\/p>\n<p><strong>La muerte violenta de Arcos Sevilla se produjo en medio de la crisis de inseguridad que vive el pa\u00eds al menos desde hace cuatro a\u00f1os, y que llev\u00f3 a convertir a Ecuador en el m\u00e1s violento de Am\u00e9rica Latina en 2023, cuando report\u00f3 un \u00edndice r\u00e9cord de 47,2 asesinatos por cada 100.000 habitantes.<\/strong><\/p>\n<p>Ese estado de violencia ha sido atribuido a la acci\u00f3n de grupos criminales, principalmente dedicados al narcotr\u00e1fico, aunque tambi\u00e9n a la extracci\u00f3n ilegal de minerales y otros delitos como la extorsi\u00f3n y el secuestro.<\/p>\n<p>Desde inicios de 2024, el presidente de Ecuador, Daniel Noboa, elev\u00f3 la lucha contra el crimen organizado a la categor\u00eda de \u00abconflicto armado interno\u00bb, con lo que pas\u00f3 a catalogar a las bandas de delincuencia organizada como grupos terroristas y actores beligerantes no estatales. EFE<\/p>\n","protected":false},"excerpt":{"rendered":"<p>La Fiscal\u00eda de Ecuador inform\u00f3 este lunes que el cad\u00e1ver del sacerdote Enrique Fabi\u00e1n Arcos Sevilla fue encontrado en la zona de Panzaleo, en el centro andino del pa\u00eds, cuatro d\u00edas despu\u00e9s de que se reportara como desaparecido. \u00abInformamos que luego de cuatro d\u00edas de b\u00fasqueda, el cuerpo sin vida de Enrique Fabi\u00e1n Arcos Sevilla, [&hellip;]<\/p>\n","protected":false},"author":1,"featured_media":7472,"comment_status":"open","ping_status":"open","sticky":false,"template":"","format":"standard","meta":{"footnotes":""},"categories":[12],"tags":[],"_links":{"self":[{"href":"https:\/\/infozamoraec.com\/index.php\/wp-json\/wp\/v2\/posts\/7471"}],"collection":[{"href":"https:\/\/infozamoraec.com\/index.php\/wp-json\/wp\/v2\/posts"}],"about":[{"href":"https:\/\/infozamoraec.com\/index.php\/wp-json\/wp\/v2\/types\/post"}],"author":[{"embeddable":true,"href":"https:\/\/infozamoraec.com\/index.php\/wp-json\/wp\/v2\/users\/1"}],"replies":[{"embeddable":true,"href":"https:\/\/infozamoraec.com\/index.php\/wp-json\/wp\/v2\/comments?post=7471"}],"version-history":[{"count":1,"href":"https:\/\/infozamoraec.com\/index.php\/wp-json\/wp\/v2\/posts\/7471\/revisions"}],"predecessor-version":[{"id":7473,"href":"https:\/\/infozamoraec.com\/index.php\/wp-json\/wp\/v2\/posts\/7471\/revisions\/7473"}],"wp:featuredmedia":[{"embeddable":true,"href":"https:\/\/infozamoraec.com\/index.php\/wp-json\/wp\/v2\/media\/7472"}],"wp:attachment":[{"href":"https:\/\/infozamoraec.com\/index.php\/wp-json\/wp\/v2\/media?parent=7471"}],"wp:term":[{"taxonomy":"category","embeddable":true,"href":"https:\/\/infozamoraec.com\/index.php\/wp-json\/wp\/v2\/categories?post=7471"},{"taxonomy":"post_tag","embeddable":true,"href":"https:\/\/infozamoraec.com\/index.php\/wp-json\/wp\/v2\/tags?post=7471"}],"curies":[{"name":"wp","href":"https:\/\/api.w.org\/{rel}","templated":true}]}}