{"id":7463,"date":"2024-11-04T20:53:52","date_gmt":"2024-11-04T20:53:52","guid":{"rendered":"https:\/\/infozamoraec.com\/?p=7463"},"modified":"2024-11-04T20:53:52","modified_gmt":"2024-11-04T20:53:52","slug":"operacion-cazador-logra-la-aprehension-de-ciudadano-por-trafico-de-sustancias-ilicitas","status":"publish","type":"post","link":"https:\/\/infozamoraec.com\/index.php\/2024\/11\/04\/operacion-cazador-logra-la-aprehension-de-ciudadano-por-trafico-de-sustancias-ilicitas\/","title":{"rendered":"Operaci\u00f3n \u00abCazador\u00bb logra la aprehensi\u00f3n de ciudadano por tr\u00e1fico de sustancias il\u00edcitas"},"content":{"rendered":"<p>Esfuerzos continuos para combatir el microtr\u00e1fico y proteger a la ciudadan\u00eda permitieron a la Polic\u00eda Nacional del Ecuador, a trav\u00e9s de la Jefatura de Investigaci\u00f3n Antidrogas de Zamora Chinchipe la aprehensi\u00f3n de Cristian S., ciudadano ecuatoriano, quien no registra antecedentes penales.<\/p>\n<p>El operativo se desarroll\u00f3 en la v\u00eda que conecta al cant\u00f3n Centinela del C\u00f3ndor, sector correspondiente al Circuito Zurmi, donde las unidades especializadas actuaron en flagrancia.<\/p>\n<p>En el lugar de la intervenci\u00f3n, los agentes incautaron las siguientes sustancias sujetas a fiscalizaci\u00f3n, presuntamente destinadas al microtr\u00e1fico:<\/p>\n<p>\u2022 153 gramos de marihuana, equivalente a 306 dosis.<br \/>\n\u2022 15 gramos de coca\u00edna, lo que representa 150 dosis.<br \/>\n\u2022 80 gramos de clorhidrato de coca\u00edna, correspondientes a 800 dosis.<\/p>\n<p>Las sustancias fueron sometidas a los procedimientos establecidos y se encuentran bajo la respectiva cadena de custodia para su an\u00e1lisis. Mientras tanto, el ciudadano aprehendido ha sido puesto a disposici\u00f3n de las autoridades judiciales competentes, quienes proceder\u00e1n conforme a la ley.<\/p>\n<p>Este importante golpe al microtr\u00e1fico se enmarca dentro de la Operaci\u00f3n \u00abCazador\u00bb, una estrategia nacional dirigida a desarticular redes de distribuci\u00f3n de drogas que afectan directamente la seguridad de los sectores m\u00e1s vulnerables de la poblaci\u00f3n. La Polic\u00eda Nacional del Ecuador ratifica su compromiso con la lucha frontal contra el narcotr\u00e1fico, mediante la ejecuci\u00f3n de operativos sostenidos en todo el pa\u00eds, priorizando aquellas zonas de mayor riesgo.<\/p>\n","protected":false},"excerpt":{"rendered":"<p>Esfuerzos continuos para combatir el microtr\u00e1fico y proteger a la ciudadan\u00eda permitieron a la Polic\u00eda Nacional del Ecuador, a trav\u00e9s de la Jefatura de Investigaci\u00f3n Antidrogas de Zamora Chinchipe la aprehensi\u00f3n de Cristian S., ciudadano ecuatoriano, quien no registra antecedentes penales. El operativo se desarroll\u00f3 en la v\u00eda que conecta al cant\u00f3n Centinela del C\u00f3ndor, [&hellip;]<\/p>\n","protected":false},"author":1,"featured_media":7464,"comment_status":"open","ping_status":"open","sticky":false,"template":"","format":"standard","meta":{"footnotes":""},"categories":[9],"tags":[],"_links":{"self":[{"href":"https:\/\/infozamoraec.com\/index.php\/wp-json\/wp\/v2\/posts\/7463"}],"collection":[{"href":"https:\/\/infozamoraec.com\/index.php\/wp-json\/wp\/v2\/posts"}],"about":[{"href":"https:\/\/infozamoraec.com\/index.php\/wp-json\/wp\/v2\/types\/post"}],"author":[{"embeddable":true,"href":"https:\/\/infozamoraec.com\/index.php\/wp-json\/wp\/v2\/users\/1"}],"replies":[{"embeddable":true,"href":"https:\/\/infozamoraec.com\/index.php\/wp-json\/wp\/v2\/comments?post=7463"}],"version-history":[{"count":2,"href":"https:\/\/infozamoraec.com\/index.php\/wp-json\/wp\/v2\/posts\/7463\/revisions"}],"predecessor-version":[{"id":7466,"href":"https:\/\/infozamoraec.com\/index.php\/wp-json\/wp\/v2\/posts\/7463\/revisions\/7466"}],"wp:featuredmedia":[{"embeddable":true,"href":"https:\/\/infozamoraec.com\/index.php\/wp-json\/wp\/v2\/media\/7464"}],"wp:attachment":[{"href":"https:\/\/infozamoraec.com\/index.php\/wp-json\/wp\/v2\/media?parent=7463"}],"wp:term":[{"taxonomy":"category","embeddable":true,"href":"https:\/\/infozamoraec.com\/index.php\/wp-json\/wp\/v2\/categories?post=7463"},{"taxonomy":"post_tag","embeddable":true,"href":"https:\/\/infozamoraec.com\/index.php\/wp-json\/wp\/v2\/tags?post=7463"}],"curies":[{"name":"wp","href":"https:\/\/api.w.org\/{rel}","templated":true}]}}