{"id":746,"date":"2024-02-09T01:13:29","date_gmt":"2024-02-09T01:13:29","guid":{"rendered":"https:\/\/infozamoraec.com\/?p=746"},"modified":"2024-02-09T01:20:50","modified_gmt":"2024-02-09T01:20:50","slug":"gad-zamora-presento-agenda-del-carnaval-2024","status":"publish","type":"post","link":"https:\/\/infozamoraec.com\/index.php\/2024\/02\/09\/gad-zamora-presento-agenda-del-carnaval-2024\/","title":{"rendered":"GAD Zamora present\u00f3 agenda  del Carnaval 2024"},"content":{"rendered":"<div class=\"xdj266r x11i5rnm xat24cr x1mh8g0r x1vvkbs x126k92a\">\n<div dir=\"auto\">Este jueves 08 de febrero de 2024, el GAD Municipal del cant\u00f3n <a class=\"x1i10hfl xjbqb8w x1ejq31n xd10rxx x1sy0etr x17r0tee x972fbf xcfux6l x1qhh985 xm0m39n x9f619 x1ypdohk xt0psk2 xe8uvvx xdj266r x11i5rnm xat24cr x1mh8g0r xexx8yu x4uap5 x18d9i69 xkhd6sd x16tdsg8 x1hl2dhg xggy1nq x1a2a7pz xt0b8zv x1fey0fg xo1l8bm\" tabindex=\"0\" role=\"link\" href=\"https:\/\/www.facebook.com\/hashtag\/zamora?__eep__=6&amp;__cft__[0]=AZUTzmX7EdEe7gHUGcRbYkWLxCGRg3NQSMVG5EPalvktPlo6xH8wcSzJd1BsjLPAXBPuD8J1d4_nWkv7XdWRW0Pom-GYe3ryty0PchrCcGkcV9y-s4W5m0910AQ3GtwYxs7FuzrT8IygCpSHCAP7AKaUHeqFvIm7v94fvM-BvQGEjCyaGgBsLsMQ7kM0Wf2JabQ&amp;__tn__=*NK-R\" target=\"_blank\" rel=\"noopener\">#Zamora<\/a>, realiz\u00f3 el lanzamiento oficial de la agenda cultural \u00abCarnavales Zamora 2024\u00bb, a desarrollarse los d\u00edas: s\u00e1bado 10, lunes 12 y martes 13 febrero del presente a\u00f1o.<\/div>\n<\/div>\n<div class=\"x11i5rnm xat24cr x1mh8g0r x1vvkbs xtlvy1s x126k92a\">\n<div dir=\"auto\">Este evento cont\u00f3 con la presencia de <a class=\"x1i10hfl xjbqb8w x1ejq31n xd10rxx x1sy0etr x17r0tee x972fbf xcfux6l x1qhh985 xm0m39n x9f619 x1ypdohk xt0psk2 xe8uvvx xdj266r x11i5rnm xat24cr x1mh8g0r xexx8yu x4uap5 x18d9i69 xkhd6sd x16tdsg8 x1hl2dhg xggy1nq x1a2a7pz xt0b8zv x1fey0fg xo1l8bm\" tabindex=\"0\" role=\"link\" href=\"https:\/\/www.facebook.com\/manuel.gonsalez.18847?__cft__[0]=AZUTzmX7EdEe7gHUGcRbYkWLxCGRg3NQSMVG5EPalvktPlo6xH8wcSzJd1BsjLPAXBPuD8J1d4_nWkv7XdWRW0Pom-GYe3ryty0PchrCcGkcV9y-s4W5m0910AQ3GtwYxs7FuzrT8IygCpSHCAP7AKaUHeqFvIm7v94fvM-BvQGEjCyaGgBsLsMQ7kM0Wf2JabQ&amp;__tn__=-]K-R\" target=\"_blank\" rel=\"noopener\"><span class=\"xt0psk2\">Manuel Gonz\u00e1lez<\/span><\/a>, alcalde del cant\u00f3n Zamora, Franz Regalado y Wilmer Espinoza, concejales, Gobernador de la provincia de Zamora Chinchipe, jefes departamentales de la instituci\u00f3n municipal, representantes de la empresa p\u00fablica y privada, Reinas del cant\u00f3n y medios de comunicaci\u00f3n.<\/div>\n<div dir=\"auto\">\n<p><span style=\"font-weight: 400;\">El concejal, Wilmer\u00a0 Espinoza fue el encargado de apertura el evento, en su alocuci\u00f3n,\u00a0 destac\u00f3 la necesidad realizar\u00a0 el programa de\u00a0 Carnaval como una forma de reactivar al sector\u00a0 tur\u00edstico y la econom\u00eda local;\u00a0 \u00a0adem\u00e1s, reitero\u00a0 \u00a0el respaldo al\u00a0 Alcalde para la ejecuci\u00f3n del proyecto<\/span><\/p>\n<p><span style=\"font-weight: 400;\">Por su parte,\u00a0 Luis\u00a0 Ca\u00f1ar, presidente de la\u00a0 C\u00e1mara Provincial de\u00a0 Turismo de\u00a0 Zamora Chinchipe, resalt\u00f3 la importancia\u00a0 de\u00a0 coordinar entre el sector p\u00fablico y privado para\u00a0 lograr\u00a0 acuerdos que permitan generar la presencia de turistas\u00a0 en el cant\u00f3n Zamora y la provincia.<\/span><\/p>\n<p><span style=\"font-weight: 400;\">Jaime\u00a0 Reascos, director de la\u00a0 unidad\u00a0 de\u00a0 Turismo del GAD Municipal, dio a conocer\u00a0 a detalle\u00a0 la\u00a0 agenda\u00a0 cultural programada\u00a0 para los d\u00edas del feriado,\u00a0 que incluye\u00a0 programaciones art\u00edsticas, culturales\u00a0 y deportivas, que se distribuyen en varias localidades del cant\u00f3n. \u00abIniciamos el s\u00e1bado con una competencia de\u00a0 motocr\u00f3s en las\u00a0 playas de\u00a0 Santa Isabel en la parroquia\u00a0 Guadalupe\u00bb, indic\u00f3<\/span><\/p>\n<p style=\"font-weight: 400;\">Anunci\u00f3 la presentaci\u00f3n art\u00edstica del Tributo Vallenato a las 15:00 del mismo d\u00eda s\u00e1bado, en las Playas de Santa Isabel, perteneciente a la parroquia Guadalupe.<\/p>\n<p style=\"font-weight: 400;\">Asimismo, el lunes 12 de febrero en el Centro Recreacional de Santa Elena, desde las 14:00 se abre la cartelera con el festival electr\u00f3nico, la presentaci\u00f3n de artistas locales: Myriam Pineda, Emy Franz, Miriam Vicente y la presentaci\u00f3n art\u00edstica de la Agrupaci\u00f3n Son de Az\u00facar. El Martes 13 de febrero se contin\u00faa con el festival electr\u00f3nico a las 14:00, la presentaci\u00f3n de artistas locales: Edgar Armas, Armando Romero, Joaqu\u00edn V\u00e9lez, y para cerrar con \u00e9xito se contar\u00e1 con la presentaci\u00f3n especial de Hebert Vargas \u201cEl Rey del Vallenato\u201d.<\/p>\n<p style=\"font-weight: 400;\">Expuso que, mediante esta programaci\u00f3n, se fortalecer\u00e1 el turismo y la econom\u00eda, de la cadena hotelera, hostales, restaurantes y lugares tur\u00edsticos que tiene la Tierra de Aves y Cascadas. Mencion\u00f3 tambi\u00e9n, que este proyecto est\u00e1 integrado para las parroquias rurales la cantidad de 24 mil d\u00f3lares americanos, de manera equitativa, es decir 4 mil d\u00f3lares por cada GAD.<\/p>\n<p><span style=\"font-weight: 400;\">En el evento, <\/span><span style=\"font-weight: 400;\">el alcalde Manuel Gonz\u00e1lez,\u00a0 dijo que\u00a0 se ha coordinado con las\u00a0 autoridades\u00a0 gubernamentales para\u00a0 garantizar la\u00a0 seguridad\u00a0 ciudadana, y anuncio la suspensi\u00f3n de la\u00a0 circulaci\u00f3n del transporte pesado por las v\u00edas del cant\u00f3n durante el feriado.<\/span><\/p>\n<p>Adem\u00e1s, dijo que el proyecto pretende\u00a0 reactivar la\u00a0 econom\u00eda\u00a0 local con la inversi\u00f3n de recursos p\u00fablicos, que se\u00a0 ver\u00e1n reflejados en el ingreso de una gran cantidad de\u00a0 turistas hasta el cant\u00f3n y la provincia.\u00a0 El Alcalde\u00a0 hizo hincapi\u00e9\u00a0 en el aporte municipal al sector tur\u00edstico mediante la promoci\u00f3n local a trav\u00e9s la radio p\u00fablica y redes sociales de la instituci\u00f3n.<\/p>\n<\/div>\n<\/div>\n","protected":false},"excerpt":{"rendered":"<p>Este jueves 08 de febrero de 2024, el GAD Municipal del cant\u00f3n #Zamora, realiz\u00f3 el lanzamiento oficial de la agenda cultural \u00abCarnavales Zamora 2024\u00bb, a desarrollarse los d\u00edas: s\u00e1bado 10, lunes 12 y martes 13 febrero del presente a\u00f1o. Este evento cont\u00f3 con la presencia de Manuel Gonz\u00e1lez, alcalde del cant\u00f3n Zamora, Franz Regalado y [&hellip;]<\/p>\n","protected":false},"author":1,"featured_media":747,"comment_status":"open","ping_status":"open","sticky":false,"template":"","format":"standard","meta":{"footnotes":""},"categories":[9],"tags":[],"_links":{"self":[{"href":"https:\/\/infozamoraec.com\/index.php\/wp-json\/wp\/v2\/posts\/746"}],"collection":[{"href":"https:\/\/infozamoraec.com\/index.php\/wp-json\/wp\/v2\/posts"}],"about":[{"href":"https:\/\/infozamoraec.com\/index.php\/wp-json\/wp\/v2\/types\/post"}],"author":[{"embeddable":true,"href":"https:\/\/infozamoraec.com\/index.php\/wp-json\/wp\/v2\/users\/1"}],"replies":[{"embeddable":true,"href":"https:\/\/infozamoraec.com\/index.php\/wp-json\/wp\/v2\/comments?post=746"}],"version-history":[{"count":4,"href":"https:\/\/infozamoraec.com\/index.php\/wp-json\/wp\/v2\/posts\/746\/revisions"}],"predecessor-version":[{"id":759,"href":"https:\/\/infozamoraec.com\/index.php\/wp-json\/wp\/v2\/posts\/746\/revisions\/759"}],"wp:featuredmedia":[{"embeddable":true,"href":"https:\/\/infozamoraec.com\/index.php\/wp-json\/wp\/v2\/media\/747"}],"wp:attachment":[{"href":"https:\/\/infozamoraec.com\/index.php\/wp-json\/wp\/v2\/media?parent=746"}],"wp:term":[{"taxonomy":"category","embeddable":true,"href":"https:\/\/infozamoraec.com\/index.php\/wp-json\/wp\/v2\/categories?post=746"},{"taxonomy":"post_tag","embeddable":true,"href":"https:\/\/infozamoraec.com\/index.php\/wp-json\/wp\/v2\/tags?post=746"}],"curies":[{"name":"wp","href":"https:\/\/api.w.org\/{rel}","templated":true}]}}