{"id":7446,"date":"2024-11-01T15:00:43","date_gmt":"2024-11-01T15:00:43","guid":{"rendered":"https:\/\/infozamoraec.com\/?p=7446"},"modified":"2024-11-01T15:02:50","modified_gmt":"2024-11-01T15:02:50","slug":"murio-mesias-tatamuez","status":"publish","type":"post","link":"https:\/\/infozamoraec.com\/index.php\/2024\/11\/01\/murio-mesias-tatamuez\/","title":{"rendered":"Muri\u00f3 Mes\u00edas Tatamuez"},"content":{"rendered":"<p>El dirigente sindical Mes\u00edas Tatamuez falleci\u00f3 hoy, jueves 31 de octubre, confirm\u00f3 en sus redes la Cedocut.<\/p>\n<p>\u00abCon profundo pesar, informamos el fallecimiento de nuestro compa\u00f1ero y presidente nacional de LA CEDOCUT, Mes\u00edas Tatamuez Moreno, quien se encontraba afectado en su salud en los \u00faltimos d\u00edas\u00bb, public\u00f3 la asociaci\u00f3n sindicalista en su red social X.<\/p>\n<p>En la actualidad, Tatamuez presid\u00eda por tercera vez la Confederaci\u00f3n Ecuatoriana de Organizaciones Clasistas Unitarias de Trabajadores (CEDOCUT), despu\u00e9s de ocupar por tres ocasiones la presidencia del FUT, que agrupa a varios sindicatos.<\/p>\n<p>(Primicias, La Republica)<\/p>\n","protected":false},"excerpt":{"rendered":"<p>El dirigente sindical Mes\u00edas Tatamuez falleci\u00f3 hoy, jueves 31 de octubre, confirm\u00f3 en sus redes la Cedocut. \u00abCon profundo pesar, informamos el fallecimiento de nuestro compa\u00f1ero y presidente nacional de LA CEDOCUT, Mes\u00edas Tatamuez Moreno, quien se encontraba afectado en su salud en los \u00faltimos d\u00edas\u00bb, public\u00f3 la asociaci\u00f3n sindicalista en su red social X. [&hellip;]<\/p>\n","protected":false},"author":1,"featured_media":7447,"comment_status":"open","ping_status":"open","sticky":false,"template":"","format":"standard","meta":{"footnotes":""},"categories":[12],"tags":[],"_links":{"self":[{"href":"https:\/\/infozamoraec.com\/index.php\/wp-json\/wp\/v2\/posts\/7446"}],"collection":[{"href":"https:\/\/infozamoraec.com\/index.php\/wp-json\/wp\/v2\/posts"}],"about":[{"href":"https:\/\/infozamoraec.com\/index.php\/wp-json\/wp\/v2\/types\/post"}],"author":[{"embeddable":true,"href":"https:\/\/infozamoraec.com\/index.php\/wp-json\/wp\/v2\/users\/1"}],"replies":[{"embeddable":true,"href":"https:\/\/infozamoraec.com\/index.php\/wp-json\/wp\/v2\/comments?post=7446"}],"version-history":[{"count":3,"href":"https:\/\/infozamoraec.com\/index.php\/wp-json\/wp\/v2\/posts\/7446\/revisions"}],"predecessor-version":[{"id":7450,"href":"https:\/\/infozamoraec.com\/index.php\/wp-json\/wp\/v2\/posts\/7446\/revisions\/7450"}],"wp:featuredmedia":[{"embeddable":true,"href":"https:\/\/infozamoraec.com\/index.php\/wp-json\/wp\/v2\/media\/7447"}],"wp:attachment":[{"href":"https:\/\/infozamoraec.com\/index.php\/wp-json\/wp\/v2\/media?parent=7446"}],"wp:term":[{"taxonomy":"category","embeddable":true,"href":"https:\/\/infozamoraec.com\/index.php\/wp-json\/wp\/v2\/categories?post=7446"},{"taxonomy":"post_tag","embeddable":true,"href":"https:\/\/infozamoraec.com\/index.php\/wp-json\/wp\/v2\/tags?post=7446"}],"curies":[{"name":"wp","href":"https:\/\/api.w.org\/{rel}","templated":true}]}}