{"id":7443,"date":"2024-11-01T14:47:41","date_gmt":"2024-11-01T14:47:41","guid":{"rendered":"https:\/\/infozamoraec.com\/?p=7443"},"modified":"2024-11-01T14:47:41","modified_gmt":"2024-11-01T14:47:41","slug":"siete-de-los-ocho-ecuatorianos-desaparecidos-en-espana-fueron-encontrados-con-vida","status":"publish","type":"post","link":"https:\/\/infozamoraec.com\/index.php\/2024\/11\/01\/siete-de-los-ocho-ecuatorianos-desaparecidos-en-espana-fueron-encontrados-con-vida\/","title":{"rendered":"Siete de los ocho ecuatorianos desaparecidos en Espa\u00f1a fueron encontrados con vida"},"content":{"rendered":"<p>El Gobierno de\u00a0<strong>Ecuador\u00a0<\/strong>confirm\u00f3 este jueves que han sido encontrados con vida siete de los ocho ecuatorianos reportados como\u00a0<a title=\"\" href=\"https:\/\/www.larepublica.ec\/blog\/2024\/10\/31\/ecuatorianos-en-valencia-lo-perdieron-todo-hay-un-desaparecido\/\" target=\"_blank\" rel=\"noopener\">desaparecidos<\/a>\u00a0por el paso de la dana en\u00a0<strong>Espa\u00f1a\u00a0<\/strong>y remarc\u00f3 que monitorea la informaci\u00f3n oficial espa\u00f1ola sobre personas fallecidas para detectar eventuales casos de compatriotas.<\/p>\n<p>El Ministerio de Relaciones Exteriores indic\u00f3 en un comunicado que el consultado de Ecuador en Valencia ha confirmado el hallazgo de los siete compatriotas con vida y que \u00abse ha logrado dar con la ubicaci\u00f3n de varios compatriotas que se encontraban incomunicados tras el paso de la tormenta\u00bb.<\/p>\n<p>De momento, las autoridades espa\u00f1olas realizan acciones de verificaci\u00f3n de la nacionalidad de los fallecidos, seg\u00fan apunt\u00f3 la Canciller\u00eda ecuatoriana.<\/p>\n<p>Tanto la Embajada ecuatoriana en\u00a0<strong>Madrid\u00a0<\/strong>como los consulados en\u00a0<strong>Valencia<\/strong>,\u00a0<strong>Madrid\u00a0<\/strong>y\u00a0<strong>Barcelona\u00a0<\/strong>monitorean esa informaci\u00f3n \u00aben caso de que se identifiquen casos de ecuatorianos fallecidos a causa del fen\u00f3meno natural\u00bb, a\u00f1adi\u00f3 la fuente.<\/p>\n<p>La Canciller\u00eda de Ecuador agreg\u00f3 que los funcionarios diplom\u00e1ticos ecuatorianos mantienen una coordinaci\u00f3n permanente con las autoridades espa\u00f1olas, especialmente con las de Valencia, as\u00ed como con organismos de asistencia como la Cruz Roja, la Protecci\u00f3n Civil y la Polic\u00eda de Espa\u00f1a.<\/p>\n<p>Tambi\u00e9n con las asociaciones de ecuatorianos en la zona golpeada por los temporales con el fin de prestar asistencia y orientaci\u00f3n \u00aben el marco de los protocolos implementados por las autoridades espa\u00f1olas que incluyen la provisi\u00f3n de refugios temporales, albergues, y servicios de atenci\u00f3n m\u00e9dica para los afectados\u00bb.<\/p>\n<p>Asimismo, la Canciller\u00eda ecuatoriana indic\u00f3 que atender\u00e1 permanentemente a los compatriotas en la regi\u00f3n y proporcion\u00f3 un tel\u00e9fono para brindar asistencia (+34 680 621 755) de su consulado en Valencia.<\/p>\n<p>Al menos 155 personas han muerto en las devastadoras inundaciones ocurridas estos d\u00edas en Espa\u00f1a que han afectado especialmente a la\u00a0<strong>Comunidad Valenciana<\/strong>, donde est\u00e1n la mayor parte de los fallecidos,\u00a0<strong>Castilla-La Mancha<\/strong>\u00a0y\u00a0<strong>Andaluc\u00eda<\/strong>, seg\u00fan fuentes gubernamentales.<\/p>\n<p>La depresi\u00f3n aislada en niveles altos que sufre Espa\u00f1a desde el martes ha generado inundaciones torrenciales especialmente fuertes en la Comunidad Valenciana y en Castilla-La Mancha. EFE<strong>\u00a0(I)<\/strong><\/p>\n","protected":false},"excerpt":{"rendered":"<p>El Gobierno de\u00a0Ecuador\u00a0confirm\u00f3 este jueves que han sido encontrados con vida siete de los ocho ecuatorianos reportados como\u00a0desaparecidos\u00a0por el paso de la dana en\u00a0Espa\u00f1a\u00a0y remarc\u00f3 que monitorea la informaci\u00f3n oficial espa\u00f1ola sobre personas fallecidas para detectar eventuales casos de compatriotas. El Ministerio de Relaciones Exteriores indic\u00f3 en un comunicado que el consultado de Ecuador en [&hellip;]<\/p>\n","protected":false},"author":1,"featured_media":7444,"comment_status":"open","ping_status":"open","sticky":false,"template":"","format":"standard","meta":{"footnotes":""},"categories":[12],"tags":[],"_links":{"self":[{"href":"https:\/\/infozamoraec.com\/index.php\/wp-json\/wp\/v2\/posts\/7443"}],"collection":[{"href":"https:\/\/infozamoraec.com\/index.php\/wp-json\/wp\/v2\/posts"}],"about":[{"href":"https:\/\/infozamoraec.com\/index.php\/wp-json\/wp\/v2\/types\/post"}],"author":[{"embeddable":true,"href":"https:\/\/infozamoraec.com\/index.php\/wp-json\/wp\/v2\/users\/1"}],"replies":[{"embeddable":true,"href":"https:\/\/infozamoraec.com\/index.php\/wp-json\/wp\/v2\/comments?post=7443"}],"version-history":[{"count":1,"href":"https:\/\/infozamoraec.com\/index.php\/wp-json\/wp\/v2\/posts\/7443\/revisions"}],"predecessor-version":[{"id":7445,"href":"https:\/\/infozamoraec.com\/index.php\/wp-json\/wp\/v2\/posts\/7443\/revisions\/7445"}],"wp:featuredmedia":[{"embeddable":true,"href":"https:\/\/infozamoraec.com\/index.php\/wp-json\/wp\/v2\/media\/7444"}],"wp:attachment":[{"href":"https:\/\/infozamoraec.com\/index.php\/wp-json\/wp\/v2\/media?parent=7443"}],"wp:term":[{"taxonomy":"category","embeddable":true,"href":"https:\/\/infozamoraec.com\/index.php\/wp-json\/wp\/v2\/categories?post=7443"},{"taxonomy":"post_tag","embeddable":true,"href":"https:\/\/infozamoraec.com\/index.php\/wp-json\/wp\/v2\/tags?post=7443"}],"curies":[{"name":"wp","href":"https:\/\/api.w.org\/{rel}","templated":true}]}}