{"id":743,"date":"2024-02-08T21:40:22","date_gmt":"2024-02-08T21:40:22","guid":{"rendered":"https:\/\/infozamoraec.com\/?p=743"},"modified":"2024-02-09T01:49:22","modified_gmt":"2024-02-09T01:49:22","slug":"ediles-zamoranas-cuestionan-falta-de-informacion-economica-de-las-fiestas-de-fundacion","status":"publish","type":"post","link":"https:\/\/infozamoraec.com\/index.php\/2024\/02\/08\/ediles-zamoranas-cuestionan-falta-de-informacion-economica-de-las-fiestas-de-fundacion\/","title":{"rendered":"Ediles  zamoranas cuestionan falta de  informaci\u00f3n econ\u00f3mica de las  fiestas de fundaci\u00f3n"},"content":{"rendered":"<p><span style=\"font-weight: 400;\">La Vicealcaldesa\u00a0 de Zamora, Blanca Carri\u00f3n, y la concejal, Ximena Monta\u00f1o, mediante un comunicado de prensa informan respecto al incumplimiento de la\u00a0 administraci\u00f3n municipal\u00a0 respecto a los informes econ\u00f3micos del fondo a rendir\u00a0 cuentas otorgado para las festividades de Fundaci\u00f3n de\u00a0 Zamora,\u00a0 \u00a0<\/span><\/p>\n<p><span style=\"font-weight: 400;\">En el comunicado las autoridades indican, que en las fiestas de fundaci\u00f3n de nuestra ciudad, el alcalde sostuvo que no adjudica el contrato de las fiestas porque era lesivo econ\u00f3micamente y lo hac\u00eda en \u201cdefensa del dinero de los zamoranos\u201d, pero esa defensa no la traduce en acciones, porque hasta el momento, no da \u00e9l, ni sus directores departamentales, la informaci\u00f3n y justificaci\u00f3n de los gastos realizados, sosteniendo el director departamental correspondiente que: \u201c\u2026no se ha justificado el fondo en su totalidad, habi\u00e9ndose registrado en un cuarenta por ciento del fondo, mucho menos existe el informe final\u201d, <\/span><\/p>\n<p><span style=\"font-weight: 400;\">Agregan, \u00abNos preguntamos: \u00bfesta es la forma de \u201cdefender los dineros de los zamoranos?; \u00bfdefiende los dineros de unas personas, pero no de otras?. Defender el dinero de los zamoranos, es que se contrate a artistas de otros lados, de quienes no se sabe, efectivamente \u00bfcu\u00e1nto mismo cobran?, en tanto a nuestros artistas locales se les paga migajas, si es que se les paga\u00bb. <\/span><\/p>\n<p><span style=\"font-weight: 400;\">Asimismo se asegura que se estar\u00e1\u00a0 insistiendo para que se\u00a0 de esta informaci\u00f3n econ\u00f3mica, la misma ofrecen\u00a0 publicar para que tengan conocimiento la ciudadan\u00eda y juzguen, \u201cla defensa de los dineros de los zamoranos\u201d, realizada por el alcalde.<\/span><\/p>\n<p><span style=\"font-weight: 400;\">\u00abEn forma paralela hemos sido testigos de la insistencia, persistencia, llegando al punto de obsesi\u00f3n del alcalde y grupo de adjuntos para realizar los eventos art\u00edsticos en carnaval, no escucha raz\u00f3n alguna, para todo tiene respuesta, no justificaci\u00f3n, y ya veremos el plan de seguridad y contingencia que presente y las acciones que ha realizado para \u201cdefender el dinero de los zamoranos\u201d, esperamos rinda cuentas de lo gastado y, asimismo, pondremos a conocimiento de la ciudadan\u00eda el informe econ\u00f3mico de gastos en las festividades de carnaval, se a\u00f1ade. <\/span><\/p>\n<p><span style=\"font-weight: 400;\">En el comunicado, se menciona que el concejal\u00a0 Franz Regalado, el d\u00eda de hoy en entrevista en un medio de comunicaci\u00f3n sostuvo que: el Plan de Contingencia ya ha sido aprobado, creo que ni en una semana lo elaboraron, espero est\u00e9 bien realizado y sea efectivo por la seguridad de los visitantes y nuestra seguridad; sin embargo, desde el 29 de noviembre del a\u00f1o pasado, se ha venido solicitado el Plan de Contingencia para prevenir, enfrentar y solventar los estragos del fen\u00f3meno del Ni\u00f1o, pero hasta la fecha no se lo ha presentado. \u00bfQu\u00e9 contraste no?, se indica.<\/span><\/p>\n<p>&nbsp;<\/p>\n<p><span style=\"font-weight: 400;\">Tambi\u00e9n se\u00a0 cuestiona que\u00a0 el concejal, Franz Regalado, se comprometi\u00f3 a dar datos, informaci\u00f3n, estad\u00edsticas y r\u00e9ditos econ\u00f3micos que derivan de estas festividades de carnaval, esperamos as\u00ed lo haga y le estaremos solicitando esa informaci\u00f3n y trasmitirla a la ciudadan\u00eda, ya que su compromiso es con la ciudan\u00eda del cant\u00f3n. Espero que la informaci\u00f3n sea pronta y oportuna y le ponga la misma celeridad que ha demostrado en las diligencias que se han dado para que se aprueben las festividades de carnaval, refieren.<\/span><\/p>\n<p><span style=\"font-weight: 400;\">Finalmente se indica que se\u00a0 ha venido solicitando y recalcando en forma verbal y por escrito al alcalde, que Zamora no solamente son fiestas, sino que el cant\u00f3n Zamora cuenta en todas las parroquias con excelentes atractivos naturales y gastron\u00f3micos, adem\u00e1s de una muy buena infraestructura tur\u00edstica, lo que es necesario difundir y promocionar, pero no se tiene respuesta positiva. <\/span><\/p>\n<p><span style=\"font-weight: 400;\">\u00abLa fiscalizaci\u00f3n, es el \u00fanico medio para juzgar las acciones de los funcionarios p\u00fablicos\u00bb concluye el comunicado.<\/span><\/p>\n","protected":false},"excerpt":{"rendered":"<p>La Vicealcaldesa\u00a0 de Zamora, Blanca Carri\u00f3n, y la concejal, Ximena Monta\u00f1o, mediante un comunicado de prensa informan respecto al incumplimiento de la\u00a0 administraci\u00f3n municipal\u00a0 respecto a los informes econ\u00f3micos del fondo a rendir\u00a0 cuentas otorgado para las festividades de Fundaci\u00f3n de\u00a0 Zamora,\u00a0 \u00a0 En el comunicado las autoridades indican, que en las fiestas de fundaci\u00f3n [&hellip;]<\/p>\n","protected":false},"author":1,"featured_media":775,"comment_status":"open","ping_status":"open","sticky":false,"template":"","format":"standard","meta":{"footnotes":""},"categories":[9],"tags":[],"_links":{"self":[{"href":"https:\/\/infozamoraec.com\/index.php\/wp-json\/wp\/v2\/posts\/743"}],"collection":[{"href":"https:\/\/infozamoraec.com\/index.php\/wp-json\/wp\/v2\/posts"}],"about":[{"href":"https:\/\/infozamoraec.com\/index.php\/wp-json\/wp\/v2\/types\/post"}],"author":[{"embeddable":true,"href":"https:\/\/infozamoraec.com\/index.php\/wp-json\/wp\/v2\/users\/1"}],"replies":[{"embeddable":true,"href":"https:\/\/infozamoraec.com\/index.php\/wp-json\/wp\/v2\/comments?post=743"}],"version-history":[{"count":2,"href":"https:\/\/infozamoraec.com\/index.php\/wp-json\/wp\/v2\/posts\/743\/revisions"}],"predecessor-version":[{"id":776,"href":"https:\/\/infozamoraec.com\/index.php\/wp-json\/wp\/v2\/posts\/743\/revisions\/776"}],"wp:featuredmedia":[{"embeddable":true,"href":"https:\/\/infozamoraec.com\/index.php\/wp-json\/wp\/v2\/media\/775"}],"wp:attachment":[{"href":"https:\/\/infozamoraec.com\/index.php\/wp-json\/wp\/v2\/media?parent=743"}],"wp:term":[{"taxonomy":"category","embeddable":true,"href":"https:\/\/infozamoraec.com\/index.php\/wp-json\/wp\/v2\/categories?post=743"},{"taxonomy":"post_tag","embeddable":true,"href":"https:\/\/infozamoraec.com\/index.php\/wp-json\/wp\/v2\/tags?post=743"}],"curies":[{"name":"wp","href":"https:\/\/api.w.org\/{rel}","templated":true}]}}