{"id":7426,"date":"2024-10-31T01:24:20","date_gmt":"2024-10-31T01:24:20","guid":{"rendered":"https:\/\/infozamoraec.com\/?p=7426"},"modified":"2024-10-31T01:29:47","modified_gmt":"2024-10-31T01:29:47","slug":"7426","status":"publish","type":"post","link":"https:\/\/infozamoraec.com\/index.php\/2024\/10\/31\/7426\/","title":{"rendered":"Varios ecuatorianos  fueron afectados por el temporal en Espa\u00f1a"},"content":{"rendered":"<p>Ciudadanos de origen latinoamericano residentes en las zonas golpeadas por el temporal en el Levante espa\u00f1ol (este) se movilizan a trav\u00e9s de las redes sociales para localizar a allegados afectados por la tragedia que, hasta el momento, ha provocado 64 muertos.<\/p>\n<p>Pero, quienes s\u00ed est\u00e1n en la zona del desastre no descartan retornar al pa\u00eds luego de que lo perdieran todo.<\/p>\n<p>Colombia, Venezuela y Ecuador son los pa\u00edses de origen de la mayor\u00eda de los migrantes latinoamericanos en la regi\u00f3n de Valencia, la m\u00e1s castigada por el temporal.<\/p>\n<p>M\u00e1s de 34.000 colombianos, unos 19.000 venezolanos y cerca de 12.000 hondure\u00f1os, residen en la zona.<\/p>\n<p>Las autoridades espa\u00f1olas, que todav\u00eda manejan cifras provisionales y trabajan en la identificaci\u00f3n de v\u00edctimas, no han facilitado a\u00fan la identidad de afectados de terceros pa\u00edses.<\/p>\n<p>No obstante, embajadas latinoamericanas, como la colombiana, han abierto un canal de urgencia para comunicarse con sus nacionales afectados.<\/p>\n<p>En redes circulan llamamientos por la desaparici\u00f3n de varios ciudadanos colombianos y un joven hondure\u00f1o.La cifra provisional de fallecidos supera a la que ocasion\u00f3 la rotura de la presa de Tous (Valencia) en 1982, cuando hubo 38 fallecidos, mientras que los servicios de emergencias se afanan para poder llegar a las zonas m\u00e1s afectadas, que permanecen incomunicadas desde ayer.<\/p>\n","protected":false},"excerpt":{"rendered":"<p>Ciudadanos de origen latinoamericano residentes en las zonas golpeadas por el temporal en el Levante espa\u00f1ol (este) se movilizan a trav\u00e9s de las redes sociales para localizar a allegados afectados por la tragedia que, hasta el momento, ha provocado 64 muertos. Pero, quienes s\u00ed est\u00e1n en la zona del desastre no descartan retornar al pa\u00eds [&hellip;]<\/p>\n","protected":false},"author":1,"featured_media":7427,"comment_status":"open","ping_status":"open","sticky":false,"template":"","format":"standard","meta":{"footnotes":""},"categories":[12],"tags":[],"_links":{"self":[{"href":"https:\/\/infozamoraec.com\/index.php\/wp-json\/wp\/v2\/posts\/7426"}],"collection":[{"href":"https:\/\/infozamoraec.com\/index.php\/wp-json\/wp\/v2\/posts"}],"about":[{"href":"https:\/\/infozamoraec.com\/index.php\/wp-json\/wp\/v2\/types\/post"}],"author":[{"embeddable":true,"href":"https:\/\/infozamoraec.com\/index.php\/wp-json\/wp\/v2\/users\/1"}],"replies":[{"embeddable":true,"href":"https:\/\/infozamoraec.com\/index.php\/wp-json\/wp\/v2\/comments?post=7426"}],"version-history":[{"count":3,"href":"https:\/\/infozamoraec.com\/index.php\/wp-json\/wp\/v2\/posts\/7426\/revisions"}],"predecessor-version":[{"id":7433,"href":"https:\/\/infozamoraec.com\/index.php\/wp-json\/wp\/v2\/posts\/7426\/revisions\/7433"}],"wp:featuredmedia":[{"embeddable":true,"href":"https:\/\/infozamoraec.com\/index.php\/wp-json\/wp\/v2\/media\/7427"}],"wp:attachment":[{"href":"https:\/\/infozamoraec.com\/index.php\/wp-json\/wp\/v2\/media?parent=7426"}],"wp:term":[{"taxonomy":"category","embeddable":true,"href":"https:\/\/infozamoraec.com\/index.php\/wp-json\/wp\/v2\/categories?post=7426"},{"taxonomy":"post_tag","embeddable":true,"href":"https:\/\/infozamoraec.com\/index.php\/wp-json\/wp\/v2\/tags?post=7426"}],"curies":[{"name":"wp","href":"https:\/\/api.w.org\/{rel}","templated":true}]}}