{"id":7423,"date":"2024-10-31T01:21:58","date_gmt":"2024-10-31T01:21:58","guid":{"rendered":"https:\/\/infozamoraec.com\/?p=7423"},"modified":"2024-10-31T01:21:58","modified_gmt":"2024-10-31T01:21:58","slug":"noboa-y-petro-hablaron-sobre-la-cooperacion-energetica-en-cali","status":"publish","type":"post","link":"https:\/\/infozamoraec.com\/index.php\/2024\/10\/31\/noboa-y-petro-hablaron-sobre-la-cooperacion-energetica-en-cali\/","title":{"rendered":"Noboa y Petro hablaron sobre la cooperaci\u00f3n energ\u00e9tica en Cali"},"content":{"rendered":"<p>Los presidentes de\u00a0<strong>Ecuador<\/strong>,\u00a0<strong><a title=\"\" href=\"https:\/\/www.larepublica.ec\/blog\/2024\/10\/27\/noboa-ira-a-colombia-para-que-la-empresa-privada-venda-energia-a-ecuador-tras-negativa-de-petro\/\" target=\"_blank\" rel=\"noopener\">Daniel Noboa<\/a><\/strong>, y\u00a0<strong>Colombia<\/strong>,\u00a0<strong><a title=\"\" href=\"https:\/\/www.larepublica.ec\/blog\/2024\/10\/29\/empresa-colombiana-vendera-energia-a-ecuador-y-mas-barata-que-la-ofrecida-por-petro\/\" target=\"_blank\" rel=\"noopener\">Gustavo Petro<\/a><\/strong>, mantuvieron este martes una reuni\u00f3n bilateral en la ciudad de\u00a0<strong>Cali\u00a0<\/strong>en la que hablaron sobre cooperaci\u00f3n energ\u00e9tica, en medio de la crisis que vive el pa\u00eds vecino, y fijaron un encuentro pr\u00f3ximo en las\u00a0<strong>Islas Gal\u00e1pagos<\/strong>.<\/p>\n<p>Los mandatarios se encontraron en la\u00a0<strong>Hacienda Las Ma\u00f1anitas<\/strong>, en\u00a0<strong>Cali<\/strong>, donde Noboa est\u00e1 en su primera visita oficial a Colombia para participar en la COP16 de la Biodiversidad.<\/p>\n<p>\u00abDiscutieron temas de cooperaci\u00f3n energ\u00e9tica y acordaron un pr\u00f3ximo encuentro en las Islas Gal\u00e1pagos para continuar sus conversaciones\u00bb a\u00fan sin fecha, inform\u00f3 la Presidencia colombiana en un escueto comunicado.<\/p>\n<p>Estaba previsto que ambos presidentes conversaran sobre la crisis energ\u00e9tica que atraviesa Ecuador, con apagones programados de hasta 14 horas al d\u00eda en total, y la necesidad de que Colombia reanude la venta de electricidad.<\/p>\n<p>Pero este mismo martes, la ministra de Ambiente, Agua y Transici\u00f3n Ecol\u00f3gica ecuatoriana,\u00a0<strong>In\u00e9s Manzano<\/strong>, confirm\u00f3 que el Gobierno colombiano mantiene su negativa a retomar de momento el suministro de electricidad a Ecuador.<\/p>\n<p><strong>\u00abLamentablemente el ministro (de Minas y Energ\u00eda de Colombia, Andr\u00e9s Camacho) dijo que, aunque hay toda la disponibilidad y voluntad pol\u00edtica por parte del presidente de Colombia, no pueden vender a los 18 millones de ecuatorianos que necesitamos energ\u00eda, as\u00ed que estamos viendo la parte privada\u00bb<\/strong>, dijo Manzano en una entrevista con\u00a0<strong>Caracol Radio<\/strong> desde Cali.<\/p>\n<p>La ministra ecuatoriana, que a su vez est\u00e1 a cargo de manera interina de la cartera de Energ\u00eda y Minas, agreg\u00f3 que realmente cre\u00eda que \u00abera posible\u00bb que el Gobierno de Colombia accediera a la venta, debido a la \u00absequ\u00eda sin precedentes\u00bb que vive Ecuador, y \u00abviendo sus embalses y la entrada de lluvia\u00bb que hay en el pa\u00eds vecino.<\/p>\n<p>\u00abPero tambi\u00e9n debo respetar la decisi\u00f3n del ministro Camacho\u00bb, agreg\u00f3.<\/p>\n<p>Manzano se\u00f1al\u00f3 que el ministro colombiano lo que quiere \u00abes proteger sus embalses para el estiaje que viene en camino y est\u00e1n en todo el derecho\u00bb.<\/p>\n<p>El canciller colombiano,\u00a0<strong>Luis Gilberto Murillo<\/strong>, afirm\u00f3 tras la reuni\u00f3n de Petro con Noboa que su pa\u00eds tiene \u00ablimitaciones por cuestiones del clima, por disponibilidad de energ\u00e9ticos para la venta energ\u00eda\u00bb, pero destac\u00f3 que ambos pa\u00edses trabajar\u00e1n \u00aba partir de ma\u00f1ana\u00bb en \u00abun plan de trabajo\u00bb para solucionar esta situaci\u00f3n.<\/p>\n<p><strong>\u00abLos presidentes coincidieron en que es importante tener una estrategia de largo plazo para interconexi\u00f3n el\u00e9ctrica y energ\u00e9tica y poder mirar proyectos de futuro de generaci\u00f3n\u00bb<\/strong>, a\u00f1adi\u00f3 Murillo.<\/p>\n<h2 class=\"wp-block-heading\"><strong>Crisis en Ecuador<\/strong><\/h2>\n<p>Actualmente Ecuador tiene un d\u00e9ficit de alrededor de 1.000 megavatios para atender su demanda nacional ya que la matriz energ\u00e9tica del pa\u00eds depende de m\u00e1s de un 70 % de centrales hidroel\u00e9ctricas, afectadas por la peor sequ\u00eda de los \u00faltimos 60 a\u00f1os, seg\u00fan lo ha calificado el Gobierno.<\/p>\n<p>La crisis energ\u00e9tica de Ecuador se ha visto tambi\u00e9n agravada por la falta de inversiones en los \u00faltimos a\u00f1os en un sector controlado \u00edntegramente por empresas p\u00fablicas, lo que ha abierto el debate en el pa\u00eds de realizar reformas para facilitar la llegada de inversi\u00f3n privada.<\/p>\n<p>El pasado domingo, la\u00a0<strong>Asamblea Nacional<\/strong>\u00a0aprob\u00f3, por unanimidad, el \u00abproyecto de Ley Org\u00e1nica para Impulsar la Iniciativa Privada en la Transici\u00f3n a Energ\u00edas Renovables\u00bb, propuesto por Noboa, que busca promover la inversi\u00f3n privada en el sector el\u00e9ctrico en proyectos de generaci\u00f3n de hasta 100 megavatios frente a los actuales 10, entre otras medidas. EFE\u00a0<strong>(I)<\/strong><\/p>\n","protected":false},"excerpt":{"rendered":"<p>Los presidentes de\u00a0Ecuador,\u00a0Daniel Noboa, y\u00a0Colombia,\u00a0Gustavo Petro, mantuvieron este martes una reuni\u00f3n bilateral en la ciudad de\u00a0Cali\u00a0en la que hablaron sobre cooperaci\u00f3n energ\u00e9tica, en medio de la crisis que vive el pa\u00eds vecino, y fijaron un encuentro pr\u00f3ximo en las\u00a0Islas Gal\u00e1pagos. Los mandatarios se encontraron en la\u00a0Hacienda Las Ma\u00f1anitas, en\u00a0Cali, donde Noboa est\u00e1 en su primera [&hellip;]<\/p>\n","protected":false},"author":1,"featured_media":7424,"comment_status":"open","ping_status":"open","sticky":false,"template":"","format":"standard","meta":{"footnotes":""},"categories":[12],"tags":[],"_links":{"self":[{"href":"https:\/\/infozamoraec.com\/index.php\/wp-json\/wp\/v2\/posts\/7423"}],"collection":[{"href":"https:\/\/infozamoraec.com\/index.php\/wp-json\/wp\/v2\/posts"}],"about":[{"href":"https:\/\/infozamoraec.com\/index.php\/wp-json\/wp\/v2\/types\/post"}],"author":[{"embeddable":true,"href":"https:\/\/infozamoraec.com\/index.php\/wp-json\/wp\/v2\/users\/1"}],"replies":[{"embeddable":true,"href":"https:\/\/infozamoraec.com\/index.php\/wp-json\/wp\/v2\/comments?post=7423"}],"version-history":[{"count":1,"href":"https:\/\/infozamoraec.com\/index.php\/wp-json\/wp\/v2\/posts\/7423\/revisions"}],"predecessor-version":[{"id":7425,"href":"https:\/\/infozamoraec.com\/index.php\/wp-json\/wp\/v2\/posts\/7423\/revisions\/7425"}],"wp:featuredmedia":[{"embeddable":true,"href":"https:\/\/infozamoraec.com\/index.php\/wp-json\/wp\/v2\/media\/7424"}],"wp:attachment":[{"href":"https:\/\/infozamoraec.com\/index.php\/wp-json\/wp\/v2\/media?parent=7423"}],"wp:term":[{"taxonomy":"category","embeddable":true,"href":"https:\/\/infozamoraec.com\/index.php\/wp-json\/wp\/v2\/categories?post=7423"},{"taxonomy":"post_tag","embeddable":true,"href":"https:\/\/infozamoraec.com\/index.php\/wp-json\/wp\/v2\/tags?post=7423"}],"curies":[{"name":"wp","href":"https:\/\/api.w.org\/{rel}","templated":true}]}}