{"id":7416,"date":"2024-10-31T01:16:59","date_gmt":"2024-10-31T01:16:59","guid":{"rendered":"https:\/\/infozamoraec.com\/?p=7416"},"modified":"2024-10-31T01:17:13","modified_gmt":"2024-10-31T01:17:13","slug":"cne-zamora-capacito-a-jefes-de-campana-y-candidatos-para-las-elecciones-generales-2025","status":"publish","type":"post","link":"https:\/\/infozamoraec.com\/index.php\/2024\/10\/31\/cne-zamora-capacito-a-jefes-de-campana-y-candidatos-para-las-elecciones-generales-2025\/","title":{"rendered":"CNE Zamora capacit\u00f3 a jefes de campa\u00f1a y candidatos para las Elecciones Generales 2025"},"content":{"rendered":"<p>Este martes, 29 de octubre, las unidades de Participaci\u00f3n Pol\u00edtica y Jur\u00eddico realizaron el taller denominado \u201cM\u00e9todo de asignaci\u00f3n de esca\u00f1os e infracciones electorales\u201d, dirigido a los jefes de campa\u00f1a y candidatos de las organizaciones pol\u00edticas de la provincia.<\/p>\n<p>Al taller asistieron candidatos y representantes de las organizaciones pol\u00edticas como: Partido Sociedad Patri\u00f3tica 21 de Enero, Partido Socialista Ecuatoriano (PSE), Movimiento Acci\u00f3n y Servicio (MAS), Movimiento Pol\u00edtico Revoluci\u00f3n Ciudadana, Acci\u00f3n Movilizadora Independiente Generando Oportunidades (AMIGO), Nuevo Horizonte, Acci\u00f3n Democr\u00e1tica Nacional (ADN) y Movimiento de Unidad Plurinacional Pachakutik.<\/p>\n<p>En este evento se trataron temas de inter\u00e9s electoral como: Control de Gasto Electoral, actos permitidos y no permitidos en el periodo electoral, forma de votaci\u00f3n y adjudicaci\u00f3n de esca\u00f1os \u2013 m\u00e9todo Webster.<\/p>\n<p>Rolando Uday, candidato por la Alianza Nuevo Horizonte, agradeci\u00f3 a la Delegaci\u00f3n Provincial por el apoyo que se brinda para estas Elecciones Generales 2025, \u201ceste tipo de capaciones es necesaria para nosotros para poder guiarnos correctamente en el desarrollo de la campa\u00f1a y no incurrir en las sanciones que puedan venirnos por el mal uso de la normativa\u201d.<\/p>\n<p>El periodo de control y fiscalizaci\u00f3n se realizar\u00e1 desde la fecha en la que el Pleno del Consejo nacional Electoral (CNE) apruebe la resoluci\u00f3n de convocatoria.<\/p>\n","protected":false},"excerpt":{"rendered":"<p>Este martes, 29 de octubre, las unidades de Participaci\u00f3n Pol\u00edtica y Jur\u00eddico realizaron el taller denominado \u201cM\u00e9todo de asignaci\u00f3n de esca\u00f1os e infracciones electorales\u201d, dirigido a los jefes de campa\u00f1a y candidatos de las organizaciones pol\u00edticas de la provincia. Al taller asistieron candidatos y representantes de las organizaciones pol\u00edticas como: Partido Sociedad Patri\u00f3tica 21 de [&hellip;]<\/p>\n","protected":false},"author":1,"featured_media":7417,"comment_status":"open","ping_status":"open","sticky":false,"template":"","format":"standard","meta":{"footnotes":""},"categories":[9],"tags":[],"_links":{"self":[{"href":"https:\/\/infozamoraec.com\/index.php\/wp-json\/wp\/v2\/posts\/7416"}],"collection":[{"href":"https:\/\/infozamoraec.com\/index.php\/wp-json\/wp\/v2\/posts"}],"about":[{"href":"https:\/\/infozamoraec.com\/index.php\/wp-json\/wp\/v2\/types\/post"}],"author":[{"embeddable":true,"href":"https:\/\/infozamoraec.com\/index.php\/wp-json\/wp\/v2\/users\/1"}],"replies":[{"embeddable":true,"href":"https:\/\/infozamoraec.com\/index.php\/wp-json\/wp\/v2\/comments?post=7416"}],"version-history":[{"count":2,"href":"https:\/\/infozamoraec.com\/index.php\/wp-json\/wp\/v2\/posts\/7416\/revisions"}],"predecessor-version":[{"id":7419,"href":"https:\/\/infozamoraec.com\/index.php\/wp-json\/wp\/v2\/posts\/7416\/revisions\/7419"}],"wp:featuredmedia":[{"embeddable":true,"href":"https:\/\/infozamoraec.com\/index.php\/wp-json\/wp\/v2\/media\/7417"}],"wp:attachment":[{"href":"https:\/\/infozamoraec.com\/index.php\/wp-json\/wp\/v2\/media?parent=7416"}],"wp:term":[{"taxonomy":"category","embeddable":true,"href":"https:\/\/infozamoraec.com\/index.php\/wp-json\/wp\/v2\/categories?post=7416"},{"taxonomy":"post_tag","embeddable":true,"href":"https:\/\/infozamoraec.com\/index.php\/wp-json\/wp\/v2\/tags?post=7416"}],"curies":[{"name":"wp","href":"https:\/\/api.w.org\/{rel}","templated":true}]}}