{"id":7399,"date":"2024-10-30T12:05:19","date_gmt":"2024-10-30T12:05:19","guid":{"rendered":"https:\/\/infozamoraec.com\/?p=7399"},"modified":"2024-10-30T12:05:19","modified_gmt":"2024-10-30T12:05:19","slug":"empresa-privada-colombiana-vendera-energia-a-ecuador-y-mas-barata-que-la-ofrecida-por-petro","status":"publish","type":"post","link":"https:\/\/infozamoraec.com\/index.php\/2024\/10\/30\/empresa-privada-colombiana-vendera-energia-a-ecuador-y-mas-barata-que-la-ofrecida-por-petro\/","title":{"rendered":"Empresa privada colombiana vender\u00e1 energ\u00eda a Ecuador y m\u00e1s barata que la ofrecida por Petro"},"content":{"rendered":"<p>I+D Energy remiti\u00f3 una propuesta al Ministerio de Energ\u00eda y Minas sobre el cual el valor del kilovatio\/hora seria de 17,96 centavos.<\/p>\n<p>Esto se dio una vez que el Gobierno de Colombia del socialista Gustavo Petro se negara a reiniciar la venta de energ\u00eda a Ecuador.<\/p>\n<p>Est\u00e1 noticia se dio a conocer una vez que la ministra (e) de Energ\u00eda de Ecuador, In\u00e9s Manzano, y el de Colombia, Andr\u00e9s Camacho, se reunieron hoy, 29 de octubre, en Cali, en el marco de la Conferencia de las Naciones Unidas sobre Biodiversidad (COP16).<\/p>\n<p>Luego de este desaire, Manzano se\u00f1al\u00f3 que \u201cestamos viendo la parte privada\u201d, se conoci\u00f3 que el Ministerio de Energ\u00eda y Minas de Ecuador recibi\u00f3 una propuesta de la empresa privada colombiana para la venta de electricidad.<\/p>\n<p>Gerardo Ca\u00f1as, gerente general de I+D Energy, respecto a la tarifa, explic\u00f3 que el valor propuesto es m\u00e1s barato que lo que Petro le ofreci\u00f3 a Ecuador por kilovatio\/hora.<\/p>\n<p>\u201cEntiendo que a trav\u00e9s de las transacciones internacionales de energ\u00eda (TIES) el valor de Ecuador a Colombia por kilovatio estaba promediando 33 centavos de d\u00f3lar\u201d, asegur\u00f3 el empresario colombiano.<\/p>\n<p>Ca\u00f1as explic\u00f3 que I+D Energy es un agente del mercado mayorista colombiano, reconocido ante la Superintendencia de Servicios P\u00fablicos y por el Administrador del Sistema de Intercambios Comerciales; y, de acuerdo con la regulaci\u00f3n CAN, es un agente intracomunitario de energ\u00eda habilitado para transar energ\u00eda con todos los agentes del mercado energ\u00e9tico andino,, seg\u00fan dijo diario\u00a0<em>El Universo<\/em>.<\/p>\n<p>\u201cNuestros clientes est\u00e1n tanto en el sector p\u00fablico como privado\u201d, sostuvo.<\/p>\n<p>Sin embargo, para concretar esta negociaci\u00f3n y otras que se planeen llevar adelante con empresas colombianas, se necesitar\u00eda la emisi\u00f3n de una regulaci\u00f3n para poder habilitar la compra a privados de Colombia. Sobre el tema, la ministra Manzano indic\u00f3 desde Cali que le coment\u00f3 al ministro Camacho que desde el 18 de octubre cuentan con el borrador de esa regulaci\u00f3n de Ecuador para poder habilitar la compra a privados de Colombia; sin embargo, no han agilizado el proceso. Ecuador lo hizo en cinco d\u00edas.<\/p>\n","protected":false},"excerpt":{"rendered":"<p>I+D Energy remiti\u00f3 una propuesta al Ministerio de Energ\u00eda y Minas sobre el cual el valor del kilovatio\/hora seria de 17,96 centavos. Esto se dio una vez que el Gobierno de Colombia del socialista Gustavo Petro se negara a reiniciar la venta de energ\u00eda a Ecuador. Est\u00e1 noticia se dio a conocer una vez que [&hellip;]<\/p>\n","protected":false},"author":1,"featured_media":7400,"comment_status":"open","ping_status":"open","sticky":false,"template":"","format":"standard","meta":{"footnotes":""},"categories":[12],"tags":[],"_links":{"self":[{"href":"https:\/\/infozamoraec.com\/index.php\/wp-json\/wp\/v2\/posts\/7399"}],"collection":[{"href":"https:\/\/infozamoraec.com\/index.php\/wp-json\/wp\/v2\/posts"}],"about":[{"href":"https:\/\/infozamoraec.com\/index.php\/wp-json\/wp\/v2\/types\/post"}],"author":[{"embeddable":true,"href":"https:\/\/infozamoraec.com\/index.php\/wp-json\/wp\/v2\/users\/1"}],"replies":[{"embeddable":true,"href":"https:\/\/infozamoraec.com\/index.php\/wp-json\/wp\/v2\/comments?post=7399"}],"version-history":[{"count":1,"href":"https:\/\/infozamoraec.com\/index.php\/wp-json\/wp\/v2\/posts\/7399\/revisions"}],"predecessor-version":[{"id":7401,"href":"https:\/\/infozamoraec.com\/index.php\/wp-json\/wp\/v2\/posts\/7399\/revisions\/7401"}],"wp:featuredmedia":[{"embeddable":true,"href":"https:\/\/infozamoraec.com\/index.php\/wp-json\/wp\/v2\/media\/7400"}],"wp:attachment":[{"href":"https:\/\/infozamoraec.com\/index.php\/wp-json\/wp\/v2\/media?parent=7399"}],"wp:term":[{"taxonomy":"category","embeddable":true,"href":"https:\/\/infozamoraec.com\/index.php\/wp-json\/wp\/v2\/categories?post=7399"},{"taxonomy":"post_tag","embeddable":true,"href":"https:\/\/infozamoraec.com\/index.php\/wp-json\/wp\/v2\/tags?post=7399"}],"curies":[{"name":"wp","href":"https:\/\/api.w.org\/{rel}","templated":true}]}}