{"id":737,"date":"2024-02-08T21:23:56","date_gmt":"2024-02-08T21:23:56","guid":{"rendered":"https:\/\/infozamoraec.com\/?p=737"},"modified":"2024-02-08T21:23:56","modified_gmt":"2024-02-08T21:23:56","slug":"ciudadanos-que-constan-en-el-registro-electoral-pasivo-pueden-solicitar-su-habilitacion-para-las-proximas-elecciones","status":"publish","type":"post","link":"https:\/\/infozamoraec.com\/index.php\/2024\/02\/08\/ciudadanos-que-constan-en-el-registro-electoral-pasivo-pueden-solicitar-su-habilitacion-para-las-proximas-elecciones\/","title":{"rendered":"Ciudadanos que constan en el Registro Electoral Pasivo pueden solicitar su habilitaci\u00f3n para las pr\u00f3ximas elecciones"},"content":{"rendered":"<p><span style=\"font-weight: 400;\">Informamos a los ciudadanos que constan en el Registro Electoral Pasivo, que pueden solicitar ser integrados al Registro Activo en las oficinas de la Unidad de Procesos Electorales de la instituci\u00f3n, ubicadas en las calles Jos\u00e9 Dur\u00e1n y Flavio Paz, en el cant\u00f3n Zamora, portando su c\u00e9dula de identidad.<\/span><\/p>\n<p><span style=\"font-weight: 400;\">Para la habilitaci\u00f3n, nuestros t\u00e9cnicos ingresar\u00e1n los datos del solicitante en el sistema inform\u00e1tico, donde se imprimir\u00e1n dos formularios, mismos que deber\u00e1n ser firmados y entregados al solicitante con la respectiva habilitaci\u00f3n.<\/span><\/p>\n<p><span style=\"font-weight: 400;\">Este tr\u00e1mite tambi\u00e9n se lo puede realizar en la p\u00e1gina web institucional, www.cne.gob.ec, el m\u00f3dulo de servicios electorales a la ciudadan\u00eda.<\/span><\/p>\n<p><span style=\"font-weight: 400;\">De esta manera, el \u00f3rgano electoral garantiza los derechos de participaci\u00f3n de todos los ecuatorianos.<\/span><\/p>\n","protected":false},"excerpt":{"rendered":"<p>Informamos a los ciudadanos que constan en el Registro Electoral Pasivo, que pueden solicitar ser integrados al Registro Activo en las oficinas de la Unidad de Procesos Electorales de la instituci\u00f3n, ubicadas en las calles Jos\u00e9 Dur\u00e1n y Flavio Paz, en el cant\u00f3n Zamora, portando su c\u00e9dula de identidad. Para la habilitaci\u00f3n, nuestros t\u00e9cnicos ingresar\u00e1n [&hellip;]<\/p>\n","protected":false},"author":1,"featured_media":738,"comment_status":"open","ping_status":"open","sticky":false,"template":"","format":"standard","meta":{"footnotes":""},"categories":[9],"tags":[],"_links":{"self":[{"href":"https:\/\/infozamoraec.com\/index.php\/wp-json\/wp\/v2\/posts\/737"}],"collection":[{"href":"https:\/\/infozamoraec.com\/index.php\/wp-json\/wp\/v2\/posts"}],"about":[{"href":"https:\/\/infozamoraec.com\/index.php\/wp-json\/wp\/v2\/types\/post"}],"author":[{"embeddable":true,"href":"https:\/\/infozamoraec.com\/index.php\/wp-json\/wp\/v2\/users\/1"}],"replies":[{"embeddable":true,"href":"https:\/\/infozamoraec.com\/index.php\/wp-json\/wp\/v2\/comments?post=737"}],"version-history":[{"count":1,"href":"https:\/\/infozamoraec.com\/index.php\/wp-json\/wp\/v2\/posts\/737\/revisions"}],"predecessor-version":[{"id":739,"href":"https:\/\/infozamoraec.com\/index.php\/wp-json\/wp\/v2\/posts\/737\/revisions\/739"}],"wp:featuredmedia":[{"embeddable":true,"href":"https:\/\/infozamoraec.com\/index.php\/wp-json\/wp\/v2\/media\/738"}],"wp:attachment":[{"href":"https:\/\/infozamoraec.com\/index.php\/wp-json\/wp\/v2\/media?parent=737"}],"wp:term":[{"taxonomy":"category","embeddable":true,"href":"https:\/\/infozamoraec.com\/index.php\/wp-json\/wp\/v2\/categories?post=737"},{"taxonomy":"post_tag","embeddable":true,"href":"https:\/\/infozamoraec.com\/index.php\/wp-json\/wp\/v2\/tags?post=737"}],"curies":[{"name":"wp","href":"https:\/\/api.w.org\/{rel}","templated":true}]}}