{"id":7354,"date":"2024-10-29T01:19:58","date_gmt":"2024-10-29T01:19:58","guid":{"rendered":"https:\/\/infozamoraec.com\/?p=7354"},"modified":"2024-10-29T01:19:58","modified_gmt":"2024-10-29T01:19:58","slug":"paquisha-dinamizo-su-economia-en-los-22-anos-de-cantonizacion","status":"publish","type":"post","link":"https:\/\/infozamoraec.com\/index.php\/2024\/10\/29\/paquisha-dinamizo-su-economia-en-los-22-anos-de-cantonizacion\/","title":{"rendered":"Paquisha dinamiz\u00f3 su econom\u00eda en los 22 a\u00f1os de cantonizaci\u00f3n"},"content":{"rendered":"<p><em>Con actividades culturales, c\u00edvicas, deportivas, art\u00edsticas, producci\u00f3n agr\u00edcola y ganadera, Paquisha conmemor\u00f3 los veintid\u00f3s a\u00f1os de cantonizaci\u00f3n, que se desarroll\u00f3 del 17 al 23 de octubre de 2024. <\/em><\/p>\n<p>Aproximadamente, 3.000 personas visitaron la \u201cTierra de Historia y Leyenda\u201d, durante los 7 d\u00edas de festividades, donde propios y extra\u00f1os, participaron masivamente, en la feria agroproductiva, comercial y minera, motocross, festival de danzas, encuentro de ecuavoley \u201cLas Morlaquitas vs El Para\u00edso\u201d, y la presentaci\u00f3n art\u00edstica de; Tranzas, Sangre Shuar, M\u00e1ximo Escalera y Widinson; fomentando as\u00ed la econom\u00eda y el turismo del cant\u00f3n.<\/p>\n<p>El alcalde Pa\u00fal Rodr\u00edguez, destac\u00f3 la visita y participaci\u00f3n de los habitantes de los cantones de la provincia, los cuales asistieron a las festividades, disfrutando el turismo natural y privado, adem\u00e1s del programa de festividades, donde se garantiz\u00f3 la seguridad, sin reportarse ninguna novedad.<\/p>\n<p>\u201cAgradezco a la ciudadan\u00eda paquishense, a los trabajadores y funcionarios municipales por todo su aporte para que estas festividades hayan sobrepasado las expectativas que nos planteamos, a\u00f1o tras a\u00f1o, vamos superando las metas que buscamos. Paquisha, adem\u00e1s de ser conocido por su historia, ser\u00e1 reconocido por su turismo y emprendimientos\u201d, acot\u00f3 el burgomaestre.<\/p>\n<p>Durante las festividades se premi\u00f3; a productores, adultos mayores y ni\u00f1os que participaron en el festival de la canci\u00f3n nacional; a los estudiantes que concursaron en la oratoria, murales y fotograf\u00eda, adem\u00e1s se entreg\u00f3 el nuevo equipo caminero a Paquisha, conformado por tres volquetas, un cami\u00f3n peque\u00f1o y una excavadora.<\/p>\n<p>Kevin Valdivieso, turista que visit\u00f3 Paquisha por sus festividades y felicit\u00f3 a la Alcald\u00eda por la organizaci\u00f3n de los eventos y destac\u00f3 los lugares tur\u00edsticos que pudo conocer durante los recorridos realizados en las dos parroquias; Bellavista y Nuevo Quito.<\/p>\n<p>En la sesi\u00f3n solemne Paquisha fue homenajeada por los cantones e instituciones p\u00fablicas y privadas, as\u00ed como se resalt\u00f3 la gesti\u00f3n realizada y trabajo ejecutado durante la administraci\u00f3n municipal 2024, con una inversi\u00f3n de 1\u2019906.000,000 (Un mill\u00f3n novecientos seis mil d\u00f3lares), tramitada por el Alcalde, ante las entidades del Gobierno Nacional, provincial y cantonal.<\/p>\n<p>Adem\u00e1s, se firm\u00f3 el convenio entre el Gobierno Provincial y GAD Municipal de Paquisha, para la creaci\u00f3n de una banda musical para la Unidad Educativa Ciudad de Paquisha, con el fin de fortalecer la identidad y valores.<\/p>\n","protected":false},"excerpt":{"rendered":"<p>Con actividades culturales, c\u00edvicas, deportivas, art\u00edsticas, producci\u00f3n agr\u00edcola y ganadera, Paquisha conmemor\u00f3 los veintid\u00f3s a\u00f1os de cantonizaci\u00f3n, que se desarroll\u00f3 del 17 al 23 de octubre de 2024. Aproximadamente, 3.000 personas visitaron la \u201cTierra de Historia y Leyenda\u201d, durante los 7 d\u00edas de festividades, donde propios y extra\u00f1os, participaron masivamente, en la feria agroproductiva, comercial [&hellip;]<\/p>\n","protected":false},"author":1,"featured_media":7355,"comment_status":"open","ping_status":"open","sticky":false,"template":"","format":"standard","meta":{"footnotes":""},"categories":[9],"tags":[],"_links":{"self":[{"href":"https:\/\/infozamoraec.com\/index.php\/wp-json\/wp\/v2\/posts\/7354"}],"collection":[{"href":"https:\/\/infozamoraec.com\/index.php\/wp-json\/wp\/v2\/posts"}],"about":[{"href":"https:\/\/infozamoraec.com\/index.php\/wp-json\/wp\/v2\/types\/post"}],"author":[{"embeddable":true,"href":"https:\/\/infozamoraec.com\/index.php\/wp-json\/wp\/v2\/users\/1"}],"replies":[{"embeddable":true,"href":"https:\/\/infozamoraec.com\/index.php\/wp-json\/wp\/v2\/comments?post=7354"}],"version-history":[{"count":2,"href":"https:\/\/infozamoraec.com\/index.php\/wp-json\/wp\/v2\/posts\/7354\/revisions"}],"predecessor-version":[{"id":7357,"href":"https:\/\/infozamoraec.com\/index.php\/wp-json\/wp\/v2\/posts\/7354\/revisions\/7357"}],"wp:featuredmedia":[{"embeddable":true,"href":"https:\/\/infozamoraec.com\/index.php\/wp-json\/wp\/v2\/media\/7355"}],"wp:attachment":[{"href":"https:\/\/infozamoraec.com\/index.php\/wp-json\/wp\/v2\/media?parent=7354"}],"wp:term":[{"taxonomy":"category","embeddable":true,"href":"https:\/\/infozamoraec.com\/index.php\/wp-json\/wp\/v2\/categories?post=7354"},{"taxonomy":"post_tag","embeddable":true,"href":"https:\/\/infozamoraec.com\/index.php\/wp-json\/wp\/v2\/tags?post=7354"}],"curies":[{"name":"wp","href":"https:\/\/api.w.org\/{rel}","templated":true}]}}