{"id":7328,"date":"2024-10-25T00:24:33","date_gmt":"2024-10-25T00:24:33","guid":{"rendered":"https:\/\/infozamoraec.com\/?p=7328"},"modified":"2024-10-25T00:24:33","modified_gmt":"2024-10-25T00:24:33","slug":"zamora-invita-a-celebrar-sus-tradiciones-en-el-viii-festival-de-la-colada-morada-y-guaguas-de-pan-2024","status":"publish","type":"post","link":"https:\/\/infozamoraec.com\/index.php\/2024\/10\/25\/zamora-invita-a-celebrar-sus-tradiciones-en-el-viii-festival-de-la-colada-morada-y-guaguas-de-pan-2024\/","title":{"rendered":"Zamora invita a celebrar sus tradiciones en el VIII festival de la colada morada y guaguas de pan 2024."},"content":{"rendered":"<p>Zamora se alista para el VIII Festival de la Colada Morada y Guaguas de Pan 2024. Con el objetivo de preservar las costumbres y tradiciones del cant\u00f3n, este jueves 24 de octubre de 2024 se realiz\u00f3 con \u00e9xito el lanzamiento oficial del festival, con la presencia de Manuel Gonz\u00e1lez, alcalde del cant\u00f3n Zamora; Blanca Carri\u00f3n, vicealcaldesa; Franz Regalado, concejal; presidentes de los diferentes GAD Parroquiales, t\u00e9cnicos de la Unidad de Turismo y medios de comunicaci\u00f3n.<\/p>\n<p>El festival se llevar\u00e1 a cabo el pr\u00f3ximo jueves 31 de octubre de 2024, de 12:00 a 18:00, en el parqueadero del Centro Comercial Reina del Cisne. Participar\u00e1n 12 emprendedores: 6 de la zona urbana y 1 emprendedor por cada parroquia rural, quienes exhibir\u00e1n y vender\u00e1n sus productos tradicionales. La inscripci\u00f3n es gratuita y se puede realizar en la Unidad de Turismo, Cultura, Patrimonio y Educaci\u00f3n, con cupos limitados.<\/p>\n<p>Durante el evento de lanzamiento, la vicealcaldesa Blanca Carri\u00f3n dio las palabras de bienvenida, destacando que el festival es una tradici\u00f3n consolidada en Zamora y que este a\u00f1o no ser\u00e1 la excepci\u00f3n. \u00abEste evento refuerza nuestras costumbres y permite que las nuevas generaciones se conecten con nuestras ra\u00edces ecuatorianas\u00bb, se\u00f1al\u00f3 Carri\u00f3n.<\/p>\n<p>Por su parte, Alejandra Baraja, gestora tur\u00edstica de la Unidad de Turismo, Cultura, Patrimonio y Educaci\u00f3n, indic\u00f3 que el GAD Municipal de Zamora, en coordinaci\u00f3n con la Unidad de Turismo, ha venido planificando la ejecuci\u00f3n de este VIII Festival de la Colada Morada y Guaguas de Pan 2024.<\/p>\n<p>\u00abM\u00e1s all\u00e1 de ser un festival, buscamos rescatar la cultura y tradiciones gastron\u00f3micas de nuestro cant\u00f3n Zamora, adem\u00e1s de generar una fuente de empleo para emprendedores y artesanos tanto de la zona urbana como rural\u00bb, afirm\u00f3 Baraja. Adem\u00e1s, record\u00f3 que las inscripciones son gratuitas, con cupo limitado, y se estar\u00e1n receptando en las instalaciones de la Unidad de Turismo, ubicada en la Av. Alonso de Mercadillo, junto a las letras tur\u00edsticas de Zamora.<\/p>\n<p>En este contexto, el alcalde Manuel Gonz\u00e1lez invit\u00f3 a turistas y residentes a sumarse a esta fiesta tradicional. \u00abEs una ocasi\u00f3n para disfrutar de nuestras tradiciones y rendir homenaje a aquellos que ya no est\u00e1n con nosotros. Este festival es un tributo a la memoria de nuestros seres queridos\u00bb, expres\u00f3 Gonz\u00e1lez.<\/p>\n<p>Dato adicional: Para fomentar la creatividad y la calidad de los emprendedores y artesanos, se realizar\u00e1 un concurso a la mejor colada morada y la mejor guagua de pan, reconociendo el esfuerzo y la habilidad de los participantes locales.<\/p>\n<p>&nbsp;<\/p>\n","protected":false},"excerpt":{"rendered":"<p>Zamora se alista para el VIII Festival de la Colada Morada y Guaguas de Pan 2024. Con el objetivo de preservar las costumbres y tradiciones del cant\u00f3n, este jueves 24 de octubre de 2024 se realiz\u00f3 con \u00e9xito el lanzamiento oficial del festival, con la presencia de Manuel Gonz\u00e1lez, alcalde del cant\u00f3n Zamora; Blanca Carri\u00f3n, [&hellip;]<\/p>\n","protected":false},"author":1,"featured_media":7329,"comment_status":"open","ping_status":"open","sticky":false,"template":"","format":"standard","meta":{"footnotes":""},"categories":[9],"tags":[],"_links":{"self":[{"href":"https:\/\/infozamoraec.com\/index.php\/wp-json\/wp\/v2\/posts\/7328"}],"collection":[{"href":"https:\/\/infozamoraec.com\/index.php\/wp-json\/wp\/v2\/posts"}],"about":[{"href":"https:\/\/infozamoraec.com\/index.php\/wp-json\/wp\/v2\/types\/post"}],"author":[{"embeddable":true,"href":"https:\/\/infozamoraec.com\/index.php\/wp-json\/wp\/v2\/users\/1"}],"replies":[{"embeddable":true,"href":"https:\/\/infozamoraec.com\/index.php\/wp-json\/wp\/v2\/comments?post=7328"}],"version-history":[{"count":2,"href":"https:\/\/infozamoraec.com\/index.php\/wp-json\/wp\/v2\/posts\/7328\/revisions"}],"predecessor-version":[{"id":7331,"href":"https:\/\/infozamoraec.com\/index.php\/wp-json\/wp\/v2\/posts\/7328\/revisions\/7331"}],"wp:featuredmedia":[{"embeddable":true,"href":"https:\/\/infozamoraec.com\/index.php\/wp-json\/wp\/v2\/media\/7329"}],"wp:attachment":[{"href":"https:\/\/infozamoraec.com\/index.php\/wp-json\/wp\/v2\/media?parent=7328"}],"wp:term":[{"taxonomy":"category","embeddable":true,"href":"https:\/\/infozamoraec.com\/index.php\/wp-json\/wp\/v2\/categories?post=7328"},{"taxonomy":"post_tag","embeddable":true,"href":"https:\/\/infozamoraec.com\/index.php\/wp-json\/wp\/v2\/tags?post=7328"}],"curies":[{"name":"wp","href":"https:\/\/api.w.org\/{rel}","templated":true}]}}