{"id":7311,"date":"2024-10-24T01:57:18","date_gmt":"2024-10-24T01:57:18","guid":{"rendered":"https:\/\/infozamoraec.com\/?p=7311"},"modified":"2024-10-24T01:57:18","modified_gmt":"2024-10-24T01:57:18","slug":"daniel-noboa-a-monica-palencia-bienvenida-a-casa-te-estabamos-esperando","status":"publish","type":"post","link":"https:\/\/infozamoraec.com\/index.php\/2024\/10\/24\/daniel-noboa-a-monica-palencia-bienvenida-a-casa-te-estabamos-esperando\/","title":{"rendered":"Daniel Noboa a M\u00f3nica Palencia: \u2018Bienvenida a casa, te est\u00e1bamos esperando\u2019"},"content":{"rendered":"<p>El presidente Daniel Noboa public\u00f3 un mensaje en sus redes sociales para la ministra del Interior, M\u00f3nica Palencia. \u201cBienvenida a casa, te est\u00e1bamos esperando\u201d, fue la frase que le dedic\u00f3 el Jefe de Estado a la funcionaria, quien este 23 de octubre enfrent\u00f3 su juicio pol\u00edtico en la Asamblea Nacional.<\/p>\n<p>El Primer Mandatario poste\u00f3 el mensaje acompa\u00f1ado de dos im\u00e1genes. En la primera fotograf\u00eda se observa a la ministra Palencia llegar al Palacio de Carondelet, en Quito. En la segunda instant\u00e1nea se ve al presidente Noboa darle un abrazo.<\/p>\n<p>La publicaci\u00f3n del Presidente ocurre a pocas horas despu\u00e9s de que en la Asamblea Nacional no se logr\u00f3 alcanzar los votos necesarios para la censura y destituci\u00f3n de la funcionaria. De hecho, la votaci\u00f3n termin\u00f3 con 77 votos a favor, 40 en contra y 16 abstenciones. Se requer\u00edan al menos 92 votos para destituir a Palencia.<br \/>\nLa ministra del Interior lleg\u00f3 a la Presidencia tras una fuerte jornada en el legislativo. En total, el juicio pol\u00edtico dur\u00f3 nueve horas ininterrumpidas. Palencia estuvo presente antes de la votaci\u00f3n y rechaz\u00f3 las acusaciones de sus interpelantes del corre\u00edsmo, Paola Cabezas y Leonardo Berrezueta.<\/p>\n<p>En su intervenci\u00f3n, la ministra fue apoyada por el gabinete presidencial. Los ministros de Estado estuvieron presentes en el acto. Desde el hemiciclo de la Asamblea apoyaron con aplausos y gritos la gesti\u00f3n de Palencia. En los exteriores del Palacio Legislativo tambi\u00e9n se concentraron militantes del Gobierno para expresar su respaldo a la gesti\u00f3n de Palencia.<\/p>\n<p>Tras la decisi\u00f3n de la Asamblea, el Ministerio del Interior tambi\u00e9n se pronunci\u00f3. En sus redes sociales indicaron que la ministra \u201ccontinuar\u00e1 trabajando por la seguridad del pa\u00eds\u201d. El mensaje tambi\u00e9n fue acompa\u00f1ado por un video. En esa grabaci\u00f3n se observa a la ministra salir de la Asamblea y conversar con los simpatizantes que fueron a apoyarla.<\/p>\n<p>Las bancadas que votaron por la destituci\u00f3n de la funcionaria fueron la Revoluci\u00f3n Ciudadana, quienes propusieron el juicio, y el Partido Social Cristiano (PSC). En cambio, la bancada de Construye decidi\u00f3 abstenerse de votar y eso fue clave en la votaci\u00f3n que favoreci\u00f3 a la ministra. No obstante, aclararon que no est\u00e1n a favor del Gobierno y calificaron como \u201cp\u00e9sima\u201d la gesti\u00f3n de Palencia.<\/p>\n","protected":false},"excerpt":{"rendered":"<p>El presidente Daniel Noboa public\u00f3 un mensaje en sus redes sociales para la ministra del Interior, M\u00f3nica Palencia. \u201cBienvenida a casa, te est\u00e1bamos esperando\u201d, fue la frase que le dedic\u00f3 el Jefe de Estado a la funcionaria, quien este 23 de octubre enfrent\u00f3 su juicio pol\u00edtico en la Asamblea Nacional. El Primer Mandatario poste\u00f3 el [&hellip;]<\/p>\n","protected":false},"author":1,"featured_media":7312,"comment_status":"open","ping_status":"open","sticky":false,"template":"","format":"standard","meta":{"footnotes":""},"categories":[12],"tags":[],"_links":{"self":[{"href":"https:\/\/infozamoraec.com\/index.php\/wp-json\/wp\/v2\/posts\/7311"}],"collection":[{"href":"https:\/\/infozamoraec.com\/index.php\/wp-json\/wp\/v2\/posts"}],"about":[{"href":"https:\/\/infozamoraec.com\/index.php\/wp-json\/wp\/v2\/types\/post"}],"author":[{"embeddable":true,"href":"https:\/\/infozamoraec.com\/index.php\/wp-json\/wp\/v2\/users\/1"}],"replies":[{"embeddable":true,"href":"https:\/\/infozamoraec.com\/index.php\/wp-json\/wp\/v2\/comments?post=7311"}],"version-history":[{"count":1,"href":"https:\/\/infozamoraec.com\/index.php\/wp-json\/wp\/v2\/posts\/7311\/revisions"}],"predecessor-version":[{"id":7313,"href":"https:\/\/infozamoraec.com\/index.php\/wp-json\/wp\/v2\/posts\/7311\/revisions\/7313"}],"wp:featuredmedia":[{"embeddable":true,"href":"https:\/\/infozamoraec.com\/index.php\/wp-json\/wp\/v2\/media\/7312"}],"wp:attachment":[{"href":"https:\/\/infozamoraec.com\/index.php\/wp-json\/wp\/v2\/media?parent=7311"}],"wp:term":[{"taxonomy":"category","embeddable":true,"href":"https:\/\/infozamoraec.com\/index.php\/wp-json\/wp\/v2\/categories?post=7311"},{"taxonomy":"post_tag","embeddable":true,"href":"https:\/\/infozamoraec.com\/index.php\/wp-json\/wp\/v2\/tags?post=7311"}],"curies":[{"name":"wp","href":"https:\/\/api.w.org\/{rel}","templated":true}]}}