{"id":7305,"date":"2024-10-24T01:54:14","date_gmt":"2024-10-24T01:54:14","guid":{"rendered":"https:\/\/infozamoraec.com\/?p=7305"},"modified":"2024-10-24T01:54:14","modified_gmt":"2024-10-24T01:54:14","slug":"sheinbaum-insiste-en-demanda-de-mexico-contra-ecuador-y-salvoconducto-para-glas","status":"publish","type":"post","link":"https:\/\/infozamoraec.com\/index.php\/2024\/10\/24\/sheinbaum-insiste-en-demanda-de-mexico-contra-ecuador-y-salvoconducto-para-glas\/","title":{"rendered":"Sheinbaum insiste en demanda de M\u00e9xico contra Ecuador y salvoconducto para Glas"},"content":{"rendered":"<p>La presidente de M\u00e9xico,\u00a0<strong><a title=\"Claudia Sheinbaum\" href=\"https:\/\/es.wikipedia.org\/wiki\/Claudia_Sheinbaum\" target=\"_blank\" rel=\"noopener\">Claudia Sheinbaum<\/a><\/strong>, indic\u00f3, mi\u00e9rcoles 23 de octubre del 2024, que su Gobierno insistir\u00e1 en\u00a0<strong>un salvoconducto para el exvicepresidente\u00a0<a title=\"Jorge Glas\" href=\"https:\/\/www.larepublica.ec\/blog\/2024\/07\/15\/henry-kronfle-hablo-acerca-de-la-captura-de-jorge-glas\/\" target=\"_blank\" rel=\"noopener\">Jorge Glas<\/a><\/strong>\u00a0y en la demanda que present\u00f3 el exmandatario\u00a0<strong>Andr\u00e9s Manuel L\u00f3pez Obrador<\/strong>\u00a0contra Ecuador.<\/p>\n<p><strong>\u201cS\u00ed, lo dije desde la campa\u00f1a. Cuando ganamos la elecci\u00f3n y ahora como presidenta<\/strong>\u00ab, respondi\u00f3 la gobernante mexicana sobre si insistir\u00e1 en el salvoconducto para Glas.<\/p>\n<p>Sheinbaum, quien asumi\u00f3 el cargo el pasado 1 de octubre, advirti\u00f3 que su Gobierno seguir\u00e1 con la demanda contra Ecuador ante la Corte Internacional de Justicia (CIJ).<\/p>\n<p>Eso ocurri\u00f3 luego de que M\u00e9xico rompiera relaciones diplom\u00e1ticas con Ecuador por la\u00a0<strong>irrupci\u00f3n en la Embajada mexicana el Quito que ocurri\u00f3 el 5 de abril pasado<\/strong>. La Polic\u00eda Nacional ingres\u00f3 a esa sede diplom\u00e1tica para detener a Glas, quien se encontraba en ese lugar.<\/p>\n<p>Manuel L\u00f3pez Obrador en instancias internacionales ante la violaci\u00f3n a la soberan\u00eda de nuestro pa\u00eds en el caso de la Embajada de M\u00e9xico en Ecuador\u00bb.<\/p>\n<h2 class=\"wp-block-heading\">Cumbre Iberoamericana<\/h2>\n<p>Las declaraciones de Sheinbaum contrastan con las de la ministra de Relaciones Exteriores y Movilidad Humana de Ecuador,\u00a0<strong>Gabriela Sommerfield<\/strong>, quien, el martes 22 de octubre del 2024, expres\u00f3 a EFE que conf\u00eda en que M\u00e9xico est\u00e9 representado en la XXIX Cumbre Iberoamericana, que se realizar\u00e1 en Cuenca el 14 y 15 de noviembre pr\u00f3ximos.<\/p>\n<p>\u00ab<strong>Ecuador siempre ha estado listo para sentarse a conversar con toda la situaci\u00f3n que ambos pa\u00edses vivieron y con la verdad sobre la mesa para encontrar soluciones<\/strong>\u00ab, coment\u00f3 Sommerfeld. EFE<\/p>\n","protected":false},"excerpt":{"rendered":"<p>La presidente de M\u00e9xico,\u00a0Claudia Sheinbaum, indic\u00f3, mi\u00e9rcoles 23 de octubre del 2024, que su Gobierno insistir\u00e1 en\u00a0un salvoconducto para el exvicepresidente\u00a0Jorge Glas\u00a0y en la demanda que present\u00f3 el exmandatario\u00a0Andr\u00e9s Manuel L\u00f3pez Obrador\u00a0contra Ecuador. \u201cS\u00ed, lo dije desde la campa\u00f1a. Cuando ganamos la elecci\u00f3n y ahora como presidenta\u00ab, respondi\u00f3 la gobernante mexicana sobre si insistir\u00e1 en [&hellip;]<\/p>\n","protected":false},"author":1,"featured_media":7306,"comment_status":"open","ping_status":"open","sticky":false,"template":"","format":"standard","meta":{"footnotes":""},"categories":[12],"tags":[],"_links":{"self":[{"href":"https:\/\/infozamoraec.com\/index.php\/wp-json\/wp\/v2\/posts\/7305"}],"collection":[{"href":"https:\/\/infozamoraec.com\/index.php\/wp-json\/wp\/v2\/posts"}],"about":[{"href":"https:\/\/infozamoraec.com\/index.php\/wp-json\/wp\/v2\/types\/post"}],"author":[{"embeddable":true,"href":"https:\/\/infozamoraec.com\/index.php\/wp-json\/wp\/v2\/users\/1"}],"replies":[{"embeddable":true,"href":"https:\/\/infozamoraec.com\/index.php\/wp-json\/wp\/v2\/comments?post=7305"}],"version-history":[{"count":1,"href":"https:\/\/infozamoraec.com\/index.php\/wp-json\/wp\/v2\/posts\/7305\/revisions"}],"predecessor-version":[{"id":7307,"href":"https:\/\/infozamoraec.com\/index.php\/wp-json\/wp\/v2\/posts\/7305\/revisions\/7307"}],"wp:featuredmedia":[{"embeddable":true,"href":"https:\/\/infozamoraec.com\/index.php\/wp-json\/wp\/v2\/media\/7306"}],"wp:attachment":[{"href":"https:\/\/infozamoraec.com\/index.php\/wp-json\/wp\/v2\/media?parent=7305"}],"wp:term":[{"taxonomy":"category","embeddable":true,"href":"https:\/\/infozamoraec.com\/index.php\/wp-json\/wp\/v2\/categories?post=7305"},{"taxonomy":"post_tag","embeddable":true,"href":"https:\/\/infozamoraec.com\/index.php\/wp-json\/wp\/v2\/tags?post=7305"}],"curies":[{"name":"wp","href":"https:\/\/api.w.org\/{rel}","templated":true}]}}