{"id":7298,"date":"2024-10-24T01:48:09","date_gmt":"2024-10-24T01:48:09","guid":{"rendered":"https:\/\/infozamoraec.com\/?p=7298"},"modified":"2024-10-24T01:48:09","modified_gmt":"2024-10-24T01:48:09","slug":"mies-realizo-brigada-por-una-vida-libre-de-violencia-contra-la-ninez-en-nangaritza","status":"publish","type":"post","link":"https:\/\/infozamoraec.com\/index.php\/2024\/10\/24\/mies-realizo-brigada-por-una-vida-libre-de-violencia-contra-la-ninez-en-nangaritza\/","title":{"rendered":"MIES realiz\u00f3 brigada \u00abPor una Vida Libre de Violencia Contra la Ni\u00f1ez\u00bb en Nangaritza"},"content":{"rendered":"<p>El Ministerio de Inclusi\u00f3n Econ\u00f3mica y Social (MIES), en colaboraci\u00f3n con la Secretar\u00eda T\u00e9cnica Ecuador Crece Sin Desnutrici\u00f3n Infantil y el Ministerio de Salud P\u00fablica, realiz\u00f3 la Brigada \u00abPor una Vida Libre de Violencia Contra la Ni\u00f1ez\u00bb en la cancha cubierta del Centro Shuar Shaime, en el cant\u00f3n Nangaritza.<\/p>\n<p>Esta actividad se llev\u00f3 a cabo con el objetivo de prevenir y contribuir a erradicar la violencia infantil, un tema prioritario para el Gobierno del Ecuador.<\/p>\n<p>Durante la brigada, se ofrecieron diversos servicios a las comunidades locales, incluyendo programas de apoyo como el Bono de Desarrollo Humano, el Bono Infancia Futuro y el Bono Joaqu\u00edn Gallegos Lara.<\/p>\n<p>Estos programas est\u00e1n dise\u00f1ados para mejorar las condiciones de vida de los ni\u00f1os y sus familias, as\u00ed como para fomentar su desarrollo integral.<\/p>\n<p>Adem\u00e1s, la jornada incluy\u00f3 actividades informativas donde se abordaron temas relacionados con la igualdad sustantiva y la protecci\u00f3n de la infancia. El evento permiti\u00f3 a los asistentes realizar consultas que fueron atendidas por los equipos presentes, facilitando as\u00ed un espacio de di\u00e1logo sobre las necesidades y preocupaciones de la comunidad.<\/p>\n<p>La brigada se enmarca dentro de la estrategia nacional \u00abEcuador Crece Sin Desnutrici\u00f3n Infantil\u00bb, que busca no solo combatir la desnutrici\u00f3n, sino tambi\u00e9n garantizar el bienestar general de los ni\u00f1os en el pa\u00eds.\u00a0Esta estrategia incluye la implementaci\u00f3n de un \u00abPaquete Priorizado\u00bb que proporciona servicios esenciales a mujeres gestantes y ni\u00f1os menores de 24 meses.<\/p>\n<p>&nbsp;<\/p>\n","protected":false},"excerpt":{"rendered":"<p>El Ministerio de Inclusi\u00f3n Econ\u00f3mica y Social (MIES), en colaboraci\u00f3n con la Secretar\u00eda T\u00e9cnica Ecuador Crece Sin Desnutrici\u00f3n Infantil y el Ministerio de Salud P\u00fablica, realiz\u00f3 la Brigada \u00abPor una Vida Libre de Violencia Contra la Ni\u00f1ez\u00bb en la cancha cubierta del Centro Shuar Shaime, en el cant\u00f3n Nangaritza. Esta actividad se llev\u00f3 a cabo [&hellip;]<\/p>\n","protected":false},"author":1,"featured_media":7299,"comment_status":"open","ping_status":"open","sticky":false,"template":"","format":"standard","meta":{"footnotes":""},"categories":[9],"tags":[],"_links":{"self":[{"href":"https:\/\/infozamoraec.com\/index.php\/wp-json\/wp\/v2\/posts\/7298"}],"collection":[{"href":"https:\/\/infozamoraec.com\/index.php\/wp-json\/wp\/v2\/posts"}],"about":[{"href":"https:\/\/infozamoraec.com\/index.php\/wp-json\/wp\/v2\/types\/post"}],"author":[{"embeddable":true,"href":"https:\/\/infozamoraec.com\/index.php\/wp-json\/wp\/v2\/users\/1"}],"replies":[{"embeddable":true,"href":"https:\/\/infozamoraec.com\/index.php\/wp-json\/wp\/v2\/comments?post=7298"}],"version-history":[{"count":1,"href":"https:\/\/infozamoraec.com\/index.php\/wp-json\/wp\/v2\/posts\/7298\/revisions"}],"predecessor-version":[{"id":7300,"href":"https:\/\/infozamoraec.com\/index.php\/wp-json\/wp\/v2\/posts\/7298\/revisions\/7300"}],"wp:featuredmedia":[{"embeddable":true,"href":"https:\/\/infozamoraec.com\/index.php\/wp-json\/wp\/v2\/media\/7299"}],"wp:attachment":[{"href":"https:\/\/infozamoraec.com\/index.php\/wp-json\/wp\/v2\/media?parent=7298"}],"wp:term":[{"taxonomy":"category","embeddable":true,"href":"https:\/\/infozamoraec.com\/index.php\/wp-json\/wp\/v2\/categories?post=7298"},{"taxonomy":"post_tag","embeddable":true,"href":"https:\/\/infozamoraec.com\/index.php\/wp-json\/wp\/v2\/tags?post=7298"}],"curies":[{"name":"wp","href":"https:\/\/api.w.org\/{rel}","templated":true}]}}