{"id":7295,"date":"2024-10-24T01:40:48","date_gmt":"2024-10-24T01:40:48","guid":{"rendered":"https:\/\/infozamoraec.com\/?p=7295"},"modified":"2024-10-24T02:07:31","modified_gmt":"2024-10-24T02:07:31","slug":"gad-chinchipe-inicia-ampliacion-y-readecuacion-del-centro-de-asistencia-social-municipal","status":"publish","type":"post","link":"https:\/\/infozamoraec.com\/index.php\/2024\/10\/24\/gad-chinchipe-inicia-ampliacion-y-readecuacion-del-centro-de-asistencia-social-municipal\/","title":{"rendered":"GAD Chinchipe inicia ampliaci\u00f3n y readecuaci\u00f3n del Centro de Asistencia Social Municipal"},"content":{"rendered":"<p>El GAD Municipal del cant\u00f3n Chinchipe inici\u00f3 la ampliaci\u00f3n y readecuaci\u00f3n del centro de asistencia social de la instituci\u00f3n. El objetivo de esta obra, seg\u00fan el Ing. Henrry Ord\u00f3\u00f1ez, alcalde de Chinchipe, es mejorar la atenci\u00f3n y servicio a los adultos mayores mediante la readecuaci\u00f3n de la planta baja y la construcci\u00f3n de una segunda planta en el centro.<\/p>\n<p>La obra est\u00e1 programada para concluir a mediados de diciembre, buscando satisfacer las necesidades de los adultos mayores y de la ciudadan\u00eda en general. La ampliaci\u00f3n del centro tiene como prop\u00f3sito ofrecer un espacio m\u00e1s adecuado para brindar atenci\u00f3n a este grupo poblacional.<\/p>\n<p>Ord\u00f3\u00f1ez destac\u00f3 que la readecuaci\u00f3n permitir\u00e1 optimizar los servicios actuales y facilitar una mejor calidad en la atenci\u00f3n. La inversi\u00f3n en esta infraestructura se enmarca dentro de las pol\u00edticas del GAD Municipal para fortalecer el bienestar social en el cant\u00f3n.<\/p>\n<p>&nbsp;<\/p>\n","protected":false},"excerpt":{"rendered":"<p>El GAD Municipal del cant\u00f3n Chinchipe inici\u00f3 la ampliaci\u00f3n y readecuaci\u00f3n del centro de asistencia social de la instituci\u00f3n. El objetivo de esta obra, seg\u00fan el Ing. Henrry Ord\u00f3\u00f1ez, alcalde de Chinchipe, es mejorar la atenci\u00f3n y servicio a los adultos mayores mediante la readecuaci\u00f3n de la planta baja y la construcci\u00f3n de una segunda [&hellip;]<\/p>\n","protected":false},"author":1,"featured_media":7296,"comment_status":"open","ping_status":"open","sticky":false,"template":"","format":"standard","meta":{"footnotes":""},"categories":[9],"tags":[],"_links":{"self":[{"href":"https:\/\/infozamoraec.com\/index.php\/wp-json\/wp\/v2\/posts\/7295"}],"collection":[{"href":"https:\/\/infozamoraec.com\/index.php\/wp-json\/wp\/v2\/posts"}],"about":[{"href":"https:\/\/infozamoraec.com\/index.php\/wp-json\/wp\/v2\/types\/post"}],"author":[{"embeddable":true,"href":"https:\/\/infozamoraec.com\/index.php\/wp-json\/wp\/v2\/users\/1"}],"replies":[{"embeddable":true,"href":"https:\/\/infozamoraec.com\/index.php\/wp-json\/wp\/v2\/comments?post=7295"}],"version-history":[{"count":1,"href":"https:\/\/infozamoraec.com\/index.php\/wp-json\/wp\/v2\/posts\/7295\/revisions"}],"predecessor-version":[{"id":7297,"href":"https:\/\/infozamoraec.com\/index.php\/wp-json\/wp\/v2\/posts\/7295\/revisions\/7297"}],"wp:featuredmedia":[{"embeddable":true,"href":"https:\/\/infozamoraec.com\/index.php\/wp-json\/wp\/v2\/media\/7296"}],"wp:attachment":[{"href":"https:\/\/infozamoraec.com\/index.php\/wp-json\/wp\/v2\/media?parent=7295"}],"wp:term":[{"taxonomy":"category","embeddable":true,"href":"https:\/\/infozamoraec.com\/index.php\/wp-json\/wp\/v2\/categories?post=7295"},{"taxonomy":"post_tag","embeddable":true,"href":"https:\/\/infozamoraec.com\/index.php\/wp-json\/wp\/v2\/tags?post=7295"}],"curies":[{"name":"wp","href":"https:\/\/api.w.org\/{rel}","templated":true}]}}