{"id":7259,"date":"2024-10-23T00:40:08","date_gmt":"2024-10-23T00:40:08","guid":{"rendered":"https:\/\/infozamoraec.com\/?p=7259"},"modified":"2024-10-23T00:40:08","modified_gmt":"2024-10-23T00:40:08","slug":"accidente-en-el-parque-nacional-podocarpus-resulta-en-la-muerte-de-un-minero","status":"publish","type":"post","link":"https:\/\/infozamoraec.com\/index.php\/2024\/10\/23\/accidente-en-el-parque-nacional-podocarpus-resulta-en-la-muerte-de-un-minero\/","title":{"rendered":"Accidente en el Parque Nacional Podocarpus resulta en la muerte de un minero"},"content":{"rendered":"<p>El pasado viernes 18 de octubre, se report\u00f3 un accidente en el sector Quebrada de Las Dantas, ubicado en San Luis, dentro del Parque Nacional Podocarpus. Una ciudadana inform\u00f3 a la Polic\u00eda Nacional del Ecuador sobre el incidente a trav\u00e9s de una llamada telef\u00f3nica. La Teniente Pol\u00edtica y la Polic\u00eda Nacional emprendieron acciones correspondientes.<\/p>\n<p>Al llegar al lugar, en el sector conocido como La Punta, las autoridades identificaron a personas que confirmaron el accidente, que result\u00f3 en la muerte de un ciudadano. Posteriormente, se coordin\u00f3 con las instituciones pertinentes para llevar a cabo acciones de rescate desde la cabecera parroquial de El Porvenir del Carmen.<\/p>\n<p>Alrededor de las 23:00, miembros de la comunidad y el Cuerpo de Bomberos de Palanda se unieron para remover el deslave y rescatar el cuerpo del ciudadano. La Polic\u00eda Nacional realiz\u00f3 el levantamiento del cad\u00e1ver. El fallecido fue identificado como Fernando E. A. C., de 48 a\u00f1os, soltero y originario de la parroquia Vilcabamba, en la provincia de Loja.<\/p>\n<p>&nbsp;<\/p>\n","protected":false},"excerpt":{"rendered":"<p>El pasado viernes 18 de octubre, se report\u00f3 un accidente en el sector Quebrada de Las Dantas, ubicado en San Luis, dentro del Parque Nacional Podocarpus. Una ciudadana inform\u00f3 a la Polic\u00eda Nacional del Ecuador sobre el incidente a trav\u00e9s de una llamada telef\u00f3nica. La Teniente Pol\u00edtica y la Polic\u00eda Nacional emprendieron acciones correspondientes. Al [&hellip;]<\/p>\n","protected":false},"author":1,"featured_media":7260,"comment_status":"open","ping_status":"open","sticky":false,"template":"","format":"standard","meta":{"footnotes":""},"categories":[9],"tags":[],"_links":{"self":[{"href":"https:\/\/infozamoraec.com\/index.php\/wp-json\/wp\/v2\/posts\/7259"}],"collection":[{"href":"https:\/\/infozamoraec.com\/index.php\/wp-json\/wp\/v2\/posts"}],"about":[{"href":"https:\/\/infozamoraec.com\/index.php\/wp-json\/wp\/v2\/types\/post"}],"author":[{"embeddable":true,"href":"https:\/\/infozamoraec.com\/index.php\/wp-json\/wp\/v2\/users\/1"}],"replies":[{"embeddable":true,"href":"https:\/\/infozamoraec.com\/index.php\/wp-json\/wp\/v2\/comments?post=7259"}],"version-history":[{"count":2,"href":"https:\/\/infozamoraec.com\/index.php\/wp-json\/wp\/v2\/posts\/7259\/revisions"}],"predecessor-version":[{"id":7262,"href":"https:\/\/infozamoraec.com\/index.php\/wp-json\/wp\/v2\/posts\/7259\/revisions\/7262"}],"wp:featuredmedia":[{"embeddable":true,"href":"https:\/\/infozamoraec.com\/index.php\/wp-json\/wp\/v2\/media\/7260"}],"wp:attachment":[{"href":"https:\/\/infozamoraec.com\/index.php\/wp-json\/wp\/v2\/media?parent=7259"}],"wp:term":[{"taxonomy":"category","embeddable":true,"href":"https:\/\/infozamoraec.com\/index.php\/wp-json\/wp\/v2\/categories?post=7259"},{"taxonomy":"post_tag","embeddable":true,"href":"https:\/\/infozamoraec.com\/index.php\/wp-json\/wp\/v2\/tags?post=7259"}],"curies":[{"name":"wp","href":"https:\/\/api.w.org\/{rel}","templated":true}]}}