{"id":7250,"date":"2024-10-23T00:30:36","date_gmt":"2024-10-23T00:30:36","guid":{"rendered":"https:\/\/infozamoraec.com\/?p=7250"},"modified":"2024-10-23T00:30:36","modified_gmt":"2024-10-23T00:30:36","slug":"iva-del-8-para-el-feriado-de-1-al-4-de-noviembre-de-2024","status":"publish","type":"post","link":"https:\/\/infozamoraec.com\/index.php\/2024\/10\/23\/iva-del-8-para-el-feriado-de-1-al-4-de-noviembre-de-2024\/","title":{"rendered":"IVA del 8% para el feriado de 1 al 4 de noviembre de 2024"},"content":{"rendered":"<p>Este lunes 21 de octubre de 2024, el presidente Daniel Noboa, a trav\u00e9s del Decreto Ejecutivo N.\u00ba 429, ha dispuesto la reducci\u00f3n del Impuesto al Valor Agregado (IVA) al 8 % para los servicios tur\u00edsticos durante los feriados nacionales de noviembre, espec\u00edficamente del 1 al 4 de noviembre de 2024. El feriado iniciar\u00e1 el viernes 1 de noviembre y se extender\u00e1 hasta el lunes 4 del mismo mes por el D\u00eda de los Difuntos y la Independencia de Cuenca.<\/p>\n<p>La medida, emitida este 21 de octubre, aplica para todos los establecimientos que ejerzan actividades tur\u00edsticas dispuestas en la Ley de Turismo, conforme lo indica el documento.<\/p>\n<p>La Ley de Turismo aprobada en marzo dispone que el Presidente de la Rep\u00fablica podr\u00e1 reducir al 8% la tarifa del IVA para actividades tur\u00edsticas durante feriados nacionales y locales.<\/p>\n<p>La reducci\u00f3n aplica para sectores tur\u00edsticos como los siguientes:<\/p>\n<p>Alojamiento<\/p>\n<p>Alimentos y bebidas<\/p>\n<p>Transporte tur\u00edstico<\/p>\n<p>Operadoras de turismo<\/p>\n<p>Agencias de viajes<\/p>\n<p>Organizaci\u00f3n de eventos<\/p>\n<p>Los prestadores de servicios tur\u00edsticos est\u00e1n obligados a obtener el debido \u00a0\u00a0\u00a0Registro de Turismo y Licencia \u00danica Anual de Funcionamiento para cada \u00a0\u00a0\u00a0\u00a0\u00a0\u00a0\u00a0\u00a0\u00a0\u00a0\u00a0\u00a0una de las actividades tur\u00edsticas que realicen. Los contribuyentes autorizados para aplicar la tarifa reducida son aquellos que consten en el <strong>catastro nacional <\/strong>de establecimientos que cuenten con el registro de turismo, publicado en el portal web institucional del Ministerio de Turismo.<\/p>\n<p>El objetivo de la reducci\u00f3n del IVA es impulsar la reactivaci\u00f3n del sector tur\u00edstico, lo que promover\u00e1 el desplazamiento de los ciudadanos a las diferentes regiones del Ecuador y redundar\u00e1 en la dinamizaci\u00f3n de la econom\u00eda del pa\u00eds.<\/p>\n<p>Los establecimientos que presten servicios tur\u00edsticos, contemplados en el art\u00edculo 5 de la Ley de Turismo, deber\u00e1n emitir los respectivos comprobantes de venta aplicando la tarifa del 8%.<\/p>\n<p>&nbsp;<\/p>\n","protected":false},"excerpt":{"rendered":"<p>Este lunes 21 de octubre de 2024, el presidente Daniel Noboa, a trav\u00e9s del Decreto Ejecutivo N.\u00ba 429, ha dispuesto la reducci\u00f3n del Impuesto al Valor Agregado (IVA) al 8 % para los servicios tur\u00edsticos durante los feriados nacionales de noviembre, espec\u00edficamente del 1 al 4 de noviembre de 2024. El feriado iniciar\u00e1 el viernes [&hellip;]<\/p>\n","protected":false},"author":1,"featured_media":7251,"comment_status":"open","ping_status":"open","sticky":false,"template":"","format":"standard","meta":{"footnotes":""},"categories":[12],"tags":[],"_links":{"self":[{"href":"https:\/\/infozamoraec.com\/index.php\/wp-json\/wp\/v2\/posts\/7250"}],"collection":[{"href":"https:\/\/infozamoraec.com\/index.php\/wp-json\/wp\/v2\/posts"}],"about":[{"href":"https:\/\/infozamoraec.com\/index.php\/wp-json\/wp\/v2\/types\/post"}],"author":[{"embeddable":true,"href":"https:\/\/infozamoraec.com\/index.php\/wp-json\/wp\/v2\/users\/1"}],"replies":[{"embeddable":true,"href":"https:\/\/infozamoraec.com\/index.php\/wp-json\/wp\/v2\/comments?post=7250"}],"version-history":[{"count":3,"href":"https:\/\/infozamoraec.com\/index.php\/wp-json\/wp\/v2\/posts\/7250\/revisions"}],"predecessor-version":[{"id":7254,"href":"https:\/\/infozamoraec.com\/index.php\/wp-json\/wp\/v2\/posts\/7250\/revisions\/7254"}],"wp:featuredmedia":[{"embeddable":true,"href":"https:\/\/infozamoraec.com\/index.php\/wp-json\/wp\/v2\/media\/7251"}],"wp:attachment":[{"href":"https:\/\/infozamoraec.com\/index.php\/wp-json\/wp\/v2\/media?parent=7250"}],"wp:term":[{"taxonomy":"category","embeddable":true,"href":"https:\/\/infozamoraec.com\/index.php\/wp-json\/wp\/v2\/categories?post=7250"},{"taxonomy":"post_tag","embeddable":true,"href":"https:\/\/infozamoraec.com\/index.php\/wp-json\/wp\/v2\/tags?post=7250"}],"curies":[{"name":"wp","href":"https:\/\/api.w.org\/{rel}","templated":true}]}}