{"id":7243,"date":"2024-10-22T11:32:41","date_gmt":"2024-10-22T11:32:41","guid":{"rendered":"https:\/\/infozamoraec.com\/?p=7243"},"modified":"2024-10-22T11:32:41","modified_gmt":"2024-10-22T11:32:41","slug":"inicia-juicio-contra-21-acusados-por-el-caso-metastasis","status":"publish","type":"post","link":"https:\/\/infozamoraec.com\/index.php\/2024\/10\/22\/inicia-juicio-contra-21-acusados-por-el-caso-metastasis\/","title":{"rendered":"Inicia juicio contra 21 acusados por el Caso Met\u00e1stasis"},"content":{"rendered":"<p>El juicio por el caso \u2018Met\u00e1stasis\u2019, una gran trama de corrupci\u00f3n del crimen organizado en Ecuador dentro del aparato judicial, policial y carcelario, descubierto tras el asesinato en prisi\u00f3n del narcotraficante Leandro \u2018El Patr\u00f3n\u2019 Norero en 2022, inici\u00f3 este lunes contra veintiuno de los treinta acusados.<\/p>\n<p>El fiscal general adjunto, Wilson Toainga, se encarg\u00f3 de probar durante la audiencia la responsabilidad y el grado de participaci\u00f3n de los veinti\u00fan acusados por el delito de delincuencia organizada, entre los que est\u00e1 el exjuez de la Corte Nacional y expresidente del Consejo de la Judicatura Wilman Ter\u00e1n y el exdirector de las c\u00e1rceles de Ecuador Pablo Ram\u00edrez<\/p>\n<p>De los nueve que faltan, ocho se encuentran pr\u00f3fugos, entre ellos el empresario Xavier Jord\u00e1n y el exasamble\u00edsta corre\u00edsta Ronny Aleaga, y otro no puede ser juzgado hasta despu\u00e9s de que se proclamen los resultados de las elecciones generales de 2025, ya que es candidato a la Asamblea Nacional (Parlamento).<\/p>\n<p>Para la Fiscal\u00eda, este caso marc\u00f3 \u00abel inicio de una profunda depuraci\u00f3n del sistema de justicia\u00bb y se\u00f1al\u00f3 a Fabi\u00e1n C., Cristian R., Xavier J. y Xavier N. como los supuestos l\u00edderes de la organizaci\u00f3n. Mientras que a los otros procesados los catalog\u00f3 como colaboradores.<\/p>\n<p>En el caso de Xavier N., el Ministerio P\u00fablico determin\u00f3 que fue \u00e9l quien dirigi\u00f3 la red de influencias en el poder judicial de la provincia costera de Guayas, \u00abgestionando decisiones a favor de Leandro Norero\u00bb. Asegur\u00f3 que intervino directamente en la oferta y pago de sobornos a cambio de beneficios judiciales para el narcotraficante y su familia.<\/p>\n<p>Tras los primeros alegatos del fiscal general, intervino tambi\u00e9n la Procuradur\u00eda General del Estado (Abogac\u00eda General del Estado) en calidad de acusadora particular y luego el tribunal dio paso a las defensas de los procesados.<\/p>\n<p>En esta causa, otras doce personas ya fueron sentenciadas mediante procedimiento abreviado al haber admitido su culpabilidad y delatado a otros implicados, a cambio de recibir penas acortadas.<\/p>\n<p>La investigaci\u00f3n de este caso inici\u00f3 a ra\u00edz de la muerte de Norero, asesinado en 2022 en la c\u00e1rcel de Latacunga, de la andina provincia de Cotopaxi, situada en el centro del pa\u00eds.<\/p>\n","protected":false},"excerpt":{"rendered":"<p>El juicio por el caso \u2018Met\u00e1stasis\u2019, una gran trama de corrupci\u00f3n del crimen organizado en Ecuador dentro del aparato judicial, policial y carcelario, descubierto tras el asesinato en prisi\u00f3n del narcotraficante Leandro \u2018El Patr\u00f3n\u2019 Norero en 2022, inici\u00f3 este lunes contra veintiuno de los treinta acusados. El fiscal general adjunto, Wilson Toainga, se encarg\u00f3 de [&hellip;]<\/p>\n","protected":false},"author":1,"featured_media":7244,"comment_status":"open","ping_status":"open","sticky":false,"template":"","format":"standard","meta":{"footnotes":""},"categories":[12],"tags":[],"_links":{"self":[{"href":"https:\/\/infozamoraec.com\/index.php\/wp-json\/wp\/v2\/posts\/7243"}],"collection":[{"href":"https:\/\/infozamoraec.com\/index.php\/wp-json\/wp\/v2\/posts"}],"about":[{"href":"https:\/\/infozamoraec.com\/index.php\/wp-json\/wp\/v2\/types\/post"}],"author":[{"embeddable":true,"href":"https:\/\/infozamoraec.com\/index.php\/wp-json\/wp\/v2\/users\/1"}],"replies":[{"embeddable":true,"href":"https:\/\/infozamoraec.com\/index.php\/wp-json\/wp\/v2\/comments?post=7243"}],"version-history":[{"count":1,"href":"https:\/\/infozamoraec.com\/index.php\/wp-json\/wp\/v2\/posts\/7243\/revisions"}],"predecessor-version":[{"id":7245,"href":"https:\/\/infozamoraec.com\/index.php\/wp-json\/wp\/v2\/posts\/7243\/revisions\/7245"}],"wp:featuredmedia":[{"embeddable":true,"href":"https:\/\/infozamoraec.com\/index.php\/wp-json\/wp\/v2\/media\/7244"}],"wp:attachment":[{"href":"https:\/\/infozamoraec.com\/index.php\/wp-json\/wp\/v2\/media?parent=7243"}],"wp:term":[{"taxonomy":"category","embeddable":true,"href":"https:\/\/infozamoraec.com\/index.php\/wp-json\/wp\/v2\/categories?post=7243"},{"taxonomy":"post_tag","embeddable":true,"href":"https:\/\/infozamoraec.com\/index.php\/wp-json\/wp\/v2\/tags?post=7243"}],"curies":[{"name":"wp","href":"https:\/\/api.w.org\/{rel}","templated":true}]}}