{"id":7231,"date":"2024-10-22T02:37:25","date_gmt":"2024-10-22T02:37:25","guid":{"rendered":"https:\/\/infozamoraec.com\/?p=7231"},"modified":"2024-10-22T02:37:25","modified_gmt":"2024-10-22T02:37:25","slug":"las-pircas-con-tarrangami-se-unen-al-contar-con-una-via","status":"publish","type":"post","link":"https:\/\/infozamoraec.com\/index.php\/2024\/10\/22\/las-pircas-con-tarrangami-se-unen-al-contar-con-una-via\/","title":{"rendered":"Las Pircas con Tarrangami se unen al contar con una v\u00eda\u00a0"},"content":{"rendered":"<p><span style=\"font-weight: 400;\">La v\u00eda que une a Las Pircas con Tarrangami es una realidad, la prefecta Karla Re\u00e1tegui entreg\u00f3 a\u00a0 los comuneros de estos sectores la v\u00eda de 7 km., en el cant\u00f3n Chinchipe, beneficiando a m\u00e1s de\u00a0 20 familias dedicadas a las actividades rurales netamente productivas, ganaderas y cafetaleras.\u00a0<\/span><\/p>\n<p><span style=\"font-weight: 400;\">Estas labores las ejecut\u00f3 el personal y maquinaria del Distrito \u201cC\u201d. A m\u00e1s de la construcci\u00f3n de\u00a0 la v\u00eda se hizo la colocaci\u00f3n de alcantarillas.\u00a0\u00a0<\/span><\/p>\n<p><span style=\"font-weight: 400;\">Emilio Celi unos de los fundadores del barrio Tarrangami, lleg\u00f3 hace 57 a\u00f1os a este sector. \u00c9l\u00a0 enumer\u00f3 las vicisitudes que debieron sortear a\u00f1os atr\u00e1s, <\/span><b>\u201ccomo no estar agradecidos con la\u00a0 Prefecta porque est\u00e1 comprometida con el sector rural\u201d.\u00a0<\/b><\/p>\n<p><b>\u201cTuvo que llegar una mujer para que esto sea una realidad, decirle que siga trabajando con\u00a0 ese mismo \u00f1eke\u2026\u201d <\/b><span style=\"font-weight: 400;\">expres\u00f3 visiblemente emocionado Carlos Mayo, morador de Las Pircas.\u00a0<\/span><\/p>\n<p><span style=\"font-weight: 400;\">Para Medardo Celi, uno de los mayores productores del sector, mencion\u00f3 que esta v\u00eda dignifica\u00a0 el mejoramiento del trabajo vial rural, gracias a la voluntad pol\u00edtica de una Prefecta mujer y su\u00a0 equipo de trabajadores.\u00a0<\/span><\/p>\n<p><span style=\"font-weight: 400;\">En su intervenci\u00f3n la prefecta Karla- record\u00f3 su llegada a este barrio, a\u00f1os atr\u00e1s. <\/span><b>\u201cDesde el 2018\u00a0 que llegamos a Tarrangami planteamos una hoja de ruta y gracias a la confianza de ustedes\u00a0 llegamos a la Prefectura en el 2023 y tuvimos que avanzar, siempre desde la instituci\u00f3n\u00a0 seremos los aliados directos de ustedes que son productores y son quienes dinamizan la\u00a0 econom\u00eda\u201d.\u00a0<\/b><\/p>\n<p><span style=\"font-weight: 400;\">De esta forma la Prefectura de Zamora Chinchipe comprometida con el desarrollo de la\u00a0 provincia, avanza en el cumplimiento de la planificaci\u00f3n institucional, trabajando proyectos\u00a0 prioritarios que mejoran la calidad de vida de los productores a nivel de los nueve cantones.\u00a0<\/span><\/p>\n<p><b>Dato:\u00a0\u00a0<\/b><\/p>\n<p><span style=\"font-weight: 400;\">7 km de v\u00eda Tarrangami &#8211; Las Pircas fueron entregadas este \u00faltimo viernes. Actualmente se\u00a0 construye la v\u00eda desde la Punta hasta la quebrada de Tarrangami (3 kil\u00f3metros).\u00a0<\/span><\/p>\n<p>&nbsp;<\/p>\n","protected":false},"excerpt":{"rendered":"<p>La v\u00eda que une a Las Pircas con Tarrangami es una realidad, la prefecta Karla Re\u00e1tegui entreg\u00f3 a\u00a0 los comuneros de estos sectores la v\u00eda de 7 km., en el cant\u00f3n Chinchipe, beneficiando a m\u00e1s de\u00a0 20 familias dedicadas a las actividades rurales netamente productivas, ganaderas y cafetaleras.\u00a0 Estas labores las ejecut\u00f3 el personal y [&hellip;]<\/p>\n","protected":false},"author":1,"featured_media":7232,"comment_status":"open","ping_status":"open","sticky":false,"template":"","format":"standard","meta":{"footnotes":""},"categories":[9],"tags":[],"_links":{"self":[{"href":"https:\/\/infozamoraec.com\/index.php\/wp-json\/wp\/v2\/posts\/7231"}],"collection":[{"href":"https:\/\/infozamoraec.com\/index.php\/wp-json\/wp\/v2\/posts"}],"about":[{"href":"https:\/\/infozamoraec.com\/index.php\/wp-json\/wp\/v2\/types\/post"}],"author":[{"embeddable":true,"href":"https:\/\/infozamoraec.com\/index.php\/wp-json\/wp\/v2\/users\/1"}],"replies":[{"embeddable":true,"href":"https:\/\/infozamoraec.com\/index.php\/wp-json\/wp\/v2\/comments?post=7231"}],"version-history":[{"count":1,"href":"https:\/\/infozamoraec.com\/index.php\/wp-json\/wp\/v2\/posts\/7231\/revisions"}],"predecessor-version":[{"id":7233,"href":"https:\/\/infozamoraec.com\/index.php\/wp-json\/wp\/v2\/posts\/7231\/revisions\/7233"}],"wp:featuredmedia":[{"embeddable":true,"href":"https:\/\/infozamoraec.com\/index.php\/wp-json\/wp\/v2\/media\/7232"}],"wp:attachment":[{"href":"https:\/\/infozamoraec.com\/index.php\/wp-json\/wp\/v2\/media?parent=7231"}],"wp:term":[{"taxonomy":"category","embeddable":true,"href":"https:\/\/infozamoraec.com\/index.php\/wp-json\/wp\/v2\/categories?post=7231"},{"taxonomy":"post_tag","embeddable":true,"href":"https:\/\/infozamoraec.com\/index.php\/wp-json\/wp\/v2\/tags?post=7231"}],"curies":[{"name":"wp","href":"https:\/\/api.w.org\/{rel}","templated":true}]}}