{"id":7227,"date":"2024-10-19T06:15:53","date_gmt":"2024-10-19T06:15:53","guid":{"rendered":"https:\/\/infozamoraec.com\/?p=7227"},"modified":"2024-10-19T06:15:53","modified_gmt":"2024-10-19T06:15:53","slug":"la-justicia-de-peru-ordena-liberar-a-ivan-quispe-palomino","status":"publish","type":"post","link":"https:\/\/infozamoraec.com\/index.php\/2024\/10\/19\/la-justicia-de-peru-ordena-liberar-a-ivan-quispe-palomino\/","title":{"rendered":"La Justicia de Per\u00fa ordena liberar a Iv\u00e1n Quispe Palomino"},"content":{"rendered":"<p>El Poder Judicial de\u00a0<a class=\"internal-link\" href=\"https:\/\/www.dw.com\/es\/per%C3%BA\/t-17409849\" target=\"_blank\" rel=\"noopener\">Per\u00fa<\/a>\u00a0orden\u00f3 este viernes (18.10.2024) la \u00abliberaci\u00f3n inmediata\u00bb de Iv\u00e1n Quispe Palomino, quien\u00a0<a class=\"internal-link\" href=\"https:\/\/www.dw.com\/es\/capturan-en-per%C3%BA-al-n%C3%BAmero-dos-de-sendero-luminoso\/a-70518334\" target=\"_blank\" rel=\"noopener\">fue detenido y acusado<\/a>\u00a0d\u00edas antes de ser \u00abel n\u00famero dos\u00bb de los remanentes del grupo terrorista\u00a0<em><a class=\"internal-link\" href=\"https:\/\/www.dw.com\/es\/sendero-luminoso\/t-40496507\" target=\"_blank\" rel=\"noopener\">Sendero Luminoso<\/a><\/em>\u00a0por el Gobierno de\u00a0<a class=\"internal-link\" href=\"https:\/\/www.dw.com\/es\/boluarte-dina\/t-64082963\" target=\"_blank\" rel=\"noopener\">Dina Boluarte<\/a>.<\/p>\n<p>La decisi\u00f3n fue tomada por la\u00a0<em>Primera Sala Penal Liquidadora Transitoria<\/em>, que determin\u00f3 que se trata \u00abde una persona distinta al \u2018requisitoriado&#8217; Demetrio V\u00edctor Quispe Palomino quien tiene los alias de\u00a0<em>Jos\u00e9<\/em>\u00a0o\u00a0<em>Iv\u00e1n\u00a0<\/em>o\u00a0<em>Mart\u00edn\u00a0<\/em>o\u00a0<em>Juvenal<\/em>\u00a0o\u00a0<em>Dar\u00edo<\/em>\u00a0o\u00a0<em>Ernesto<\/em>\u00ab, inform\u00f3 el Poder Judicial en la red social X (antes\u00a0<em>Twitter<\/em>).<\/p>\n<div class=\"render-container tweet embed\">\n<div class=\"s1lxdrht ssamamu\">\n<p>El abogado de Quispe Palomino, Marco Huaman\u00ed, confirm\u00f3 a periodistas que acababa de recibir la resoluci\u00f3n judicial y que en el documento se precisa que, \u00ablamentablemente, la Polic\u00eda Nacional agrega a los seud\u00f3nimos los apellidos\u00bb de su defendido al momento de su captura. \u00abCualquier persona podr\u00eda ser detenida por llamarse Quispe Palomino\u00bb, a\u00f1adi\u00f3 el jurista y\u00a0argument\u00f3 que eso implica \u00abun problema muy grave\u00bb, ya que la Polic\u00eda ha \u00abactuado err\u00f3neamente\u00bb porque \u00abomiti\u00f3 descartar con otros elementos y se\u00f1ales\u00bb para la identificaci\u00f3n correcta del acusado.<\/p>\n<p>La detenci\u00f3n de Quispe Palomino en Lima fue resaltada por autoridades del Gobierno como el primer ministro, Gustavo Adrianz\u00e9n, y el ministro del Interior, Juan Jos\u00e9 Santiv\u00e1\u00f1ez, quienes aseguraron que se trataba del \u00abn\u00famero dos\u00bb del\u00a0<em>Sendero Luminoso<\/em>. Sin embargo, medios locales reportaron que el ciudadano no ten\u00eda ninguna orden de captura y que no milita en dicha agrupaci\u00f3n.<\/p>\n<p>Tras esto, Santiv\u00e1\u00f1ez dej\u00f3 de aparecer ante los medios y el primer ministro defendi\u00f3 la versi\u00f3n de las autoridades de que s\u00ed contaba con requisitorias y se trataba de \u00abun delincuente terrorista\u00bb. Este viernes, la familia y el abogado de Quispe Palomino rechazaron que forme parte de esa banda armada y anunciaron que presentar\u00e1n una denuncia contra el ministro del Interior.<\/p>\n<p>Huaman\u00ed asever\u00f3 que Quispe Palomino \u00abno ha tenido ning\u00fan incidente, ning\u00fan acto, ninguna vinculaci\u00f3n con un hecho delictivo, menos con personas perseguidas por la ley\u00bb, aunque acept\u00f3 que en su juventud recibi\u00f3 una condena por terrorismo -que cumpli\u00f3- y actualmente tiene actividades laborales conocidas y arraigo en la sociedad.<\/p>\n<p>El grupo mao\u00edsta\u00a0<em>Sendero Luminoso<\/em>\u00a0fue considerado por la Comisi\u00f3n de la Verdad y Reconciliaci\u00f3n (CVR) como el principal responsable de las m\u00e1s de 69.000 v\u00edctimas que dej\u00f3 el conflicto armado interno en Per\u00fa (1980-2000).<\/p>\n<p>ama (efe, andina, rpp)<\/p>\n<\/div>\n<\/div>\n","protected":false},"excerpt":{"rendered":"<p>El Poder Judicial de\u00a0Per\u00fa\u00a0orden\u00f3 este viernes (18.10.2024) la \u00abliberaci\u00f3n inmediata\u00bb de Iv\u00e1n Quispe Palomino, quien\u00a0fue detenido y acusado\u00a0d\u00edas antes de ser \u00abel n\u00famero dos\u00bb de los remanentes del grupo terrorista\u00a0Sendero Luminoso\u00a0por el Gobierno de\u00a0Dina Boluarte. La decisi\u00f3n fue tomada por la\u00a0Primera Sala Penal Liquidadora Transitoria, que determin\u00f3 que se trata \u00abde una persona distinta al [&hellip;]<\/p>\n","protected":false},"author":1,"featured_media":7228,"comment_status":"open","ping_status":"open","sticky":false,"template":"","format":"standard","meta":{"footnotes":""},"categories":[8],"tags":[],"_links":{"self":[{"href":"https:\/\/infozamoraec.com\/index.php\/wp-json\/wp\/v2\/posts\/7227"}],"collection":[{"href":"https:\/\/infozamoraec.com\/index.php\/wp-json\/wp\/v2\/posts"}],"about":[{"href":"https:\/\/infozamoraec.com\/index.php\/wp-json\/wp\/v2\/types\/post"}],"author":[{"embeddable":true,"href":"https:\/\/infozamoraec.com\/index.php\/wp-json\/wp\/v2\/users\/1"}],"replies":[{"embeddable":true,"href":"https:\/\/infozamoraec.com\/index.php\/wp-json\/wp\/v2\/comments?post=7227"}],"version-history":[{"count":1,"href":"https:\/\/infozamoraec.com\/index.php\/wp-json\/wp\/v2\/posts\/7227\/revisions"}],"predecessor-version":[{"id":7229,"href":"https:\/\/infozamoraec.com\/index.php\/wp-json\/wp\/v2\/posts\/7227\/revisions\/7229"}],"wp:featuredmedia":[{"embeddable":true,"href":"https:\/\/infozamoraec.com\/index.php\/wp-json\/wp\/v2\/media\/7228"}],"wp:attachment":[{"href":"https:\/\/infozamoraec.com\/index.php\/wp-json\/wp\/v2\/media?parent=7227"}],"wp:term":[{"taxonomy":"category","embeddable":true,"href":"https:\/\/infozamoraec.com\/index.php\/wp-json\/wp\/v2\/categories?post=7227"},{"taxonomy":"post_tag","embeddable":true,"href":"https:\/\/infozamoraec.com\/index.php\/wp-json\/wp\/v2\/tags?post=7227"}],"curies":[{"name":"wp","href":"https:\/\/api.w.org\/{rel}","templated":true}]}}