{"id":7223,"date":"2024-10-19T06:10:35","date_gmt":"2024-10-19T06:10:35","guid":{"rendered":"https:\/\/infozamoraec.com\/?p=7223"},"modified":"2024-10-19T06:11:23","modified_gmt":"2024-10-19T06:11:23","slug":"guatemala-otorgan-arresto-domiciliario-a-jose-ruben-zamora","status":"publish","type":"post","link":"https:\/\/infozamoraec.com\/index.php\/2024\/10\/19\/guatemala-otorgan-arresto-domiciliario-a-jose-ruben-zamora\/","title":{"rendered":"Guatemala: otorgan arresto domiciliario a Jos\u00e9 Rub\u00e9n Zamora"},"content":{"rendered":"<p>Un juzgado de\u00a0<a class=\"internal-link\" href=\"https:\/\/www.dw.com\/es\/guatemala\/t-17412399\" target=\"_blank\" rel=\"noopener\">Guatemala<\/a>\u00a0otorg\u00f3 el viernes (18.10.2024) el arresto domiciliario al periodista\u00a0<a class=\"internal-link\" href=\"https:\/\/www.dw.com\/es\/jos%C3%A9-rub%C3%A9n-zamora-el-periodismo-como-apostolado\/a-69079739\" target=\"_blank\" rel=\"noopener\">Jos\u00e9 Rub\u00e9n Zamora<\/a>, director del censurado diario\u00a0<em>elPeri\u00f3dico<\/em>\u00a0y preso desde julio de 2022 tras denunciar por corrupci\u00f3n a funcionarios del anterior gobierno.<\/p>\n<p>\u00abSe decreta con lugar\u00bb la petici\u00f3n de arresto domiciliario \u00abpor considerarse que a la fecha, por razones de derechos humanos, el plazo de prisi\u00f3n ha excedido los l\u00edmites\u00bb, dijo el juez Erick Garc\u00eda, tras casi ocho horas de audiencia en un juzgado de Ciudad de Guatemala.<\/p>\n<p>Seg\u00fan lo dispuesto por el juez penal, el periodista de 67 a\u00f1os\u00a0podr\u00e1 salir de prisi\u00f3n tras permanecer m\u00e1s de 800 d\u00edas en una c\u00e1rcel de la capital del pa\u00eds centroamericano, en un\u00a0<a class=\"internal-link\" href=\"https:\/\/www.dw.com\/es\/revocan-libertad-condicional-a-periodista-zamora-en-guatemala\/a-69475627\" target=\"_blank\" rel=\"noopener\">proceso repleto de irregularidades<\/a>.<\/p>\n<h2>Ar\u00e9valo celebra<\/h2>\n<p>El presidente de Guatemala, Bernardo Ar\u00e9valo de Le\u00f3n, celebr\u00f3 la decisi\u00f3n judicial y\u00a0vaticin\u00f3 que \u00abel ciclo oscuro\u00bb dentro de la justicia del pa\u00eds centroamericano \u00abva a terminar\u00bb.<\/p>\n<p>\u00abZamora vuelve a casa. La justicia comienza a llegar, el ciclo oscuro va a terminar\u00bb, escribi\u00f3 Ar\u00e9valo en su cuenta de la red social X.<\/p>\n<p>La petici\u00f3n de prisi\u00f3n domiciliaria de Zamora, quien en mayo pasado\u00a0<a class=\"internal-link\" href=\"https:\/\/www.dw.com\/es\/el-periodista-guatemalteco-jos%C3%A9-rub%C3%A9n-zamora-premio-gabo-2024\/a-69078972\" target=\"_blank\" rel=\"noopener\">recibi\u00f3 el Premio de Periodismo Gabriel Garc\u00eda M\u00e1rquez<\/a>,\u00a0fue aceptada por el juez penal Garc\u00eda, tras considerar que deb\u00eda otorgarle ese beneficio al periodista\u00a0\u00abpor motivos humanitarios\u201d.<\/p>\n<p>El juez asegur\u00f3 que se \u00abexcedi\u00f3 el plazo de prisi\u00f3n preventiva permitida en la ley\u201d en contra de Zamora y lo dej\u00f3 en prisi\u00f3n domiciliar, con prohibici\u00f3n de salir del pa\u00eds y su pasaporte continuar\u00e1 bajo custodia judicial.<\/p>\n<p>Jos\u00e9 Rub\u00e9n Zamora\u00a0fue detenido el 29 de julio de 2022, acusado de lavado de dinero por la Fiscal\u00eda de Guatemala, tan solo cinco d\u00edas despu\u00e9s de lanzar acusaciones de corrupci\u00f3n contra el entonces presidente, Alejandro Giammattei.<\/p>\n<p>gs (afp, efe, reuters)<\/p>\n","protected":false},"excerpt":{"rendered":"<p>Un juzgado de\u00a0Guatemala\u00a0otorg\u00f3 el viernes (18.10.2024) el arresto domiciliario al periodista\u00a0Jos\u00e9 Rub\u00e9n Zamora, director del censurado diario\u00a0elPeri\u00f3dico\u00a0y preso desde julio de 2022 tras denunciar por corrupci\u00f3n a funcionarios del anterior gobierno. \u00abSe decreta con lugar\u00bb la petici\u00f3n de arresto domiciliario \u00abpor considerarse que a la fecha, por razones de derechos humanos, el plazo de prisi\u00f3n [&hellip;]<\/p>\n","protected":false},"author":1,"featured_media":7226,"comment_status":"open","ping_status":"open","sticky":false,"template":"","format":"standard","meta":{"footnotes":""},"categories":[8],"tags":[],"_links":{"self":[{"href":"https:\/\/infozamoraec.com\/index.php\/wp-json\/wp\/v2\/posts\/7223"}],"collection":[{"href":"https:\/\/infozamoraec.com\/index.php\/wp-json\/wp\/v2\/posts"}],"about":[{"href":"https:\/\/infozamoraec.com\/index.php\/wp-json\/wp\/v2\/types\/post"}],"author":[{"embeddable":true,"href":"https:\/\/infozamoraec.com\/index.php\/wp-json\/wp\/v2\/users\/1"}],"replies":[{"embeddable":true,"href":"https:\/\/infozamoraec.com\/index.php\/wp-json\/wp\/v2\/comments?post=7223"}],"version-history":[{"count":1,"href":"https:\/\/infozamoraec.com\/index.php\/wp-json\/wp\/v2\/posts\/7223\/revisions"}],"predecessor-version":[{"id":7225,"href":"https:\/\/infozamoraec.com\/index.php\/wp-json\/wp\/v2\/posts\/7223\/revisions\/7225"}],"wp:featuredmedia":[{"embeddable":true,"href":"https:\/\/infozamoraec.com\/index.php\/wp-json\/wp\/v2\/media\/7226"}],"wp:attachment":[{"href":"https:\/\/infozamoraec.com\/index.php\/wp-json\/wp\/v2\/media?parent=7223"}],"wp:term":[{"taxonomy":"category","embeddable":true,"href":"https:\/\/infozamoraec.com\/index.php\/wp-json\/wp\/v2\/categories?post=7223"},{"taxonomy":"post_tag","embeddable":true,"href":"https:\/\/infozamoraec.com\/index.php\/wp-json\/wp\/v2\/tags?post=7223"}],"curies":[{"name":"wp","href":"https:\/\/api.w.org\/{rel}","templated":true}]}}