{"id":7220,"date":"2024-10-19T06:08:15","date_gmt":"2024-10-19T06:08:15","guid":{"rendered":"https:\/\/infozamoraec.com\/?p=7220"},"modified":"2024-10-19T06:08:15","modified_gmt":"2024-10-19T06:08:15","slug":"tirotean-sede-del-diario-mexicano-el-debate-en-culiacan","status":"publish","type":"post","link":"https:\/\/infozamoraec.com\/index.php\/2024\/10\/19\/tirotean-sede-del-diario-mexicano-el-debate-en-culiacan\/","title":{"rendered":"Tirotean sede del diario mexicano \u2018El Debate\u2019 en Culiac\u00e1n"},"content":{"rendered":"<p>Un grupo armado atac\u00f3 a balazos la sede del diario\u00a0<em>El Debate<\/em>\u00a0en Culiac\u00e1n (al noroeste de\u00a0<a class=\"internal-link\" href=\"https:\/\/www.dw.com\/es\/m%C3%A9xico\/t-17409380\" target=\"_blank\" rel=\"noopener\">M\u00e9xico<\/a>), ciudad sacudida por una\u00a0<a class=\"internal-link\" href=\"https:\/\/www.dw.com\/es\/violencia-en-m%C3%A9xico\/t-17984147\" target=\"_blank\" rel=\"noopener\">guerra entre facciones<\/a>\u00a0del\u00a0<em><a class=\"internal-link\" href=\"https:\/\/www.dw.com\/es\/el-narco-mexicano-mayo-zambada-podr%C3%ADa-recibir-pena-de-muerte\/a-70539939\" target=\"_blank\" rel=\"noopener\">C\u00e1rtel de Sinaloa<\/a><\/em>, informaron este viernes (18.10.2024) las autoridades, que no reportaron v\u00edctimas.<\/p>\n<p>La lucha en M\u00e9xico entre ambos grupos del\u00a0<a class=\"internal-link\" href=\"https:\/\/www.dw.com\/es\/narcotr%C3%A1fico\/t-17409535\" target=\"_blank\" rel=\"noopener\">narcotr\u00e1fico<\/a>\u00a0ha provocado la muerte de casi dos centenares de personas en el estado de Sinaloa desde comienzos de septiembre de 2024, seis de ellas el 17 de octubre, en medio de una nueva jornada violenta que incluy\u00f3 el ataque al peri\u00f3dico.<\/p>\n<p>Seg\u00fan la Secretar\u00eda de Seguridad de Sinaloa, desconocidos abrieron fuego contra las instalaciones del diario la noche del 17 de octubre. Cuatro disparos de armas largas impactaron la fachada y varios m\u00e1s da\u00f1aron cuatro veh\u00edculos. Este viernes, adem\u00e1s, un hombre dej\u00f3 una pistola de juguete en las oficinas del diario en la localidad de Guasave.<\/p>\n<p>Se trata de \u00abun atentado a la libertad de expresi\u00f3n\u00bb, dijo el viernes a periodistas el gobernador de Sinaloa, Rub\u00e9n Rocha, quien orden\u00f3 reforzar la presencia policial en la sede del rotativo, que se publica hace 70 a\u00f1os.<\/p>\n<p>M\u00e9xico es considerado como uno de los pa\u00edses m\u00e1s peligrosos para la prensa, con unas 150 personas que ejerc\u00edan el periodismo que han sido asesinadas desde el a\u00f1o 2000. Bajo la amenaza generalizada del crimen organizado, la prensa de Sinaloa desarrolla sus actividades en condiciones de seguridad extremas: las acciones del 17 de octubre incluyeron adem\u00e1s bloqueos de v\u00edas e incendios de veh\u00edculos.<\/p>\n<p>ama (afp, el debate)<\/p>\n","protected":false},"excerpt":{"rendered":"<p>Un grupo armado atac\u00f3 a balazos la sede del diario\u00a0El Debate\u00a0en Culiac\u00e1n (al noroeste de\u00a0M\u00e9xico), ciudad sacudida por una\u00a0guerra entre facciones\u00a0del\u00a0C\u00e1rtel de Sinaloa, informaron este viernes (18.10.2024) las autoridades, que no reportaron v\u00edctimas. La lucha en M\u00e9xico entre ambos grupos del\u00a0narcotr\u00e1fico\u00a0ha provocado la muerte de casi dos centenares de personas en el estado de Sinaloa [&hellip;]<\/p>\n","protected":false},"author":1,"featured_media":7221,"comment_status":"open","ping_status":"open","sticky":false,"template":"","format":"standard","meta":{"footnotes":""},"categories":[8],"tags":[],"_links":{"self":[{"href":"https:\/\/infozamoraec.com\/index.php\/wp-json\/wp\/v2\/posts\/7220"}],"collection":[{"href":"https:\/\/infozamoraec.com\/index.php\/wp-json\/wp\/v2\/posts"}],"about":[{"href":"https:\/\/infozamoraec.com\/index.php\/wp-json\/wp\/v2\/types\/post"}],"author":[{"embeddable":true,"href":"https:\/\/infozamoraec.com\/index.php\/wp-json\/wp\/v2\/users\/1"}],"replies":[{"embeddable":true,"href":"https:\/\/infozamoraec.com\/index.php\/wp-json\/wp\/v2\/comments?post=7220"}],"version-history":[{"count":1,"href":"https:\/\/infozamoraec.com\/index.php\/wp-json\/wp\/v2\/posts\/7220\/revisions"}],"predecessor-version":[{"id":7222,"href":"https:\/\/infozamoraec.com\/index.php\/wp-json\/wp\/v2\/posts\/7220\/revisions\/7222"}],"wp:featuredmedia":[{"embeddable":true,"href":"https:\/\/infozamoraec.com\/index.php\/wp-json\/wp\/v2\/media\/7221"}],"wp:attachment":[{"href":"https:\/\/infozamoraec.com\/index.php\/wp-json\/wp\/v2\/media?parent=7220"}],"wp:term":[{"taxonomy":"category","embeddable":true,"href":"https:\/\/infozamoraec.com\/index.php\/wp-json\/wp\/v2\/categories?post=7220"},{"taxonomy":"post_tag","embeddable":true,"href":"https:\/\/infozamoraec.com\/index.php\/wp-json\/wp\/v2\/tags?post=7220"}],"curies":[{"name":"wp","href":"https:\/\/api.w.org\/{rel}","templated":true}]}}