{"id":7217,"date":"2024-10-19T06:04:27","date_gmt":"2024-10-19T06:04:27","guid":{"rendered":"https:\/\/infozamoraec.com\/?p=7217"},"modified":"2024-10-19T06:04:27","modified_gmt":"2024-10-19T06:04:27","slug":"solgold-construira-una-hidroelectrica-de-240-mw-para-la-mina-cascabel","status":"publish","type":"post","link":"https:\/\/infozamoraec.com\/index.php\/2024\/10\/19\/solgold-construira-una-hidroelectrica-de-240-mw-para-la-mina-cascabel\/","title":{"rendered":"SolGold construir\u00e1 una hidroel\u00e9ctrica de 240 MW para la mina Cascabel"},"content":{"rendered":"<p>Ante la situaci\u00f3n energ\u00e9tica que atraviesa Ecuador debido al d\u00e9ficit de generaci\u00f3n, varias empresas mineras prev\u00e9n construir sus centrales hidroel\u00e9ctricas o analizan implementar otras soluciones para autoabastecerse de energ\u00eda y no depender del suministro estatal. En d\u00edas recientes, la ministra de Energ\u00eda y Minas encargada, In\u00e9s Manzano, indic\u00f3 que los proyectos que entren en operaci\u00f3n deben contar con su propia generaci\u00f3n.<\/p>\n<p>Para el proyecto a gran escala Cascabel, ubicado en Imbabura, la compa\u00f1\u00eda SolGold construir\u00e1 una central hidroel\u00e9ctrica con capacidad de 240 megavatios (MW), anunci\u00f3 Luis Mario S\u00e1nchez, representante de la empresa, durante una conferencia organizada por la C\u00e1mara de Miner\u00eda del Ecuador (CME), el viernes 18 de octubre, en Quito.<\/p>\n<p>S\u00e1nchez explic\u00f3 que dentro de las condiciones que el Ministerio de Energ\u00eda y Minas propuso para la suscripci\u00f3n del contrato de explotaci\u00f3n se consider\u00f3 que la mina cuente con su propio abastecimiento de energ\u00eda. SolGold firm\u00f3 con el Estado ecuatoriano el contrato de explotaci\u00f3n en junio de este a\u00f1o.<\/p>\n<p>\u201cYa est\u00e1bamos viviendo en ese momento, junio de este a\u00f1o, la escasez de energ\u00eda. Los inversionistas de SolGold son muy sensibles a la problem\u00e1tica que existe. Estamos conscientes de que la generaci\u00f3n (de energ\u00eda) va, probablemente, a seguir siendo un desaf\u00edo importante en los pr\u00f3ximos a\u00f1os y mucho m\u00e1s sobre el a\u00f1o 2030, que es cuando esperamos empezar operaciones\u201d, expuso S\u00e1nchez al auditorio.<\/p>\n<p>Con ese contexto, anunci\u00f3 que la empresa ya ha firmado un memorando de entendimiento con un consorcio local, que est\u00e1 aliado con empresas de Brasil y Argentina, para el dise\u00f1o de la hidroel\u00e9ctrica, que se levantar\u00e1 cerca de la mina.<\/p>\n<p>En la primera fase de producci\u00f3n, la operaci\u00f3n del proyecto Cascabel requerir\u00e1 cerca de 90 MW; y, cuando est\u00e9 en su total capacidad, consumir\u00e1 alrededor de 180 MW. S\u00e1nchez destac\u00f3 que la hidroel\u00e9ctrica tendr\u00e1 un impacto positivo para la mina, pero tambi\u00e9n para la comunidad aleda\u00f1a y para el pa\u00eds.<\/p>\n<p>La compa\u00f1\u00eda Lumina Gold, que tiene a cargo el proyecto de oro y cobre Cangrejos, que se localiza en la provincia de El Oro, analiza construir tres plantas de 50 MW cada una, adelant\u00f3 Diego Benalc\u00e1zar, vicepresidente de la empresa.<\/p>\n<p>Coment\u00f3 que el \u201cconsumo energ\u00e9tico es clave\u201d para el desarrollo de la industria. Y se\u00f1al\u00f3 que, \u201caunque la Constituci\u00f3n da el derecho de acceder a la energ\u00eda regulada (por el Estado), no puedes pretender quitarle la energ\u00eda al pa\u00eds como tal\u201d. Agreg\u00f3 que se requiere que los tr\u00e1mites burocr\u00e1ticos de las entidades p\u00fablicas sean \u00e1giles.<\/p>\n<p>Sobre el estado del proyecto Cangrejos, que es el dep\u00f3sito de oro m\u00e1s grande del Ecuador y el n\u00famero 26 del mundo, seg\u00fan los estudios de prefactibilidad, Benalc\u00e1zar inform\u00f3 que para el segundo trimestre de 2025 se prev\u00e9 tener listo el estudio de factibilidad.<\/p>\n","protected":false},"excerpt":{"rendered":"<p>Ante la situaci\u00f3n energ\u00e9tica que atraviesa Ecuador debido al d\u00e9ficit de generaci\u00f3n, varias empresas mineras prev\u00e9n construir sus centrales hidroel\u00e9ctricas o analizan implementar otras soluciones para autoabastecerse de energ\u00eda y no depender del suministro estatal. En d\u00edas recientes, la ministra de Energ\u00eda y Minas encargada, In\u00e9s Manzano, indic\u00f3 que los proyectos que entren en operaci\u00f3n [&hellip;]<\/p>\n","protected":false},"author":1,"featured_media":7218,"comment_status":"open","ping_status":"open","sticky":false,"template":"","format":"standard","meta":{"footnotes":""},"categories":[12],"tags":[],"_links":{"self":[{"href":"https:\/\/infozamoraec.com\/index.php\/wp-json\/wp\/v2\/posts\/7217"}],"collection":[{"href":"https:\/\/infozamoraec.com\/index.php\/wp-json\/wp\/v2\/posts"}],"about":[{"href":"https:\/\/infozamoraec.com\/index.php\/wp-json\/wp\/v2\/types\/post"}],"author":[{"embeddable":true,"href":"https:\/\/infozamoraec.com\/index.php\/wp-json\/wp\/v2\/users\/1"}],"replies":[{"embeddable":true,"href":"https:\/\/infozamoraec.com\/index.php\/wp-json\/wp\/v2\/comments?post=7217"}],"version-history":[{"count":1,"href":"https:\/\/infozamoraec.com\/index.php\/wp-json\/wp\/v2\/posts\/7217\/revisions"}],"predecessor-version":[{"id":7219,"href":"https:\/\/infozamoraec.com\/index.php\/wp-json\/wp\/v2\/posts\/7217\/revisions\/7219"}],"wp:featuredmedia":[{"embeddable":true,"href":"https:\/\/infozamoraec.com\/index.php\/wp-json\/wp\/v2\/media\/7218"}],"wp:attachment":[{"href":"https:\/\/infozamoraec.com\/index.php\/wp-json\/wp\/v2\/media?parent=7217"}],"wp:term":[{"taxonomy":"category","embeddable":true,"href":"https:\/\/infozamoraec.com\/index.php\/wp-json\/wp\/v2\/categories?post=7217"},{"taxonomy":"post_tag","embeddable":true,"href":"https:\/\/infozamoraec.com\/index.php\/wp-json\/wp\/v2\/tags?post=7217"}],"curies":[{"name":"wp","href":"https:\/\/api.w.org\/{rel}","templated":true}]}}