{"id":7208,"date":"2024-10-19T05:56:33","date_gmt":"2024-10-19T05:56:33","guid":{"rendered":"https:\/\/infozamoraec.com\/?p=7208"},"modified":"2024-10-19T05:56:33","modified_gmt":"2024-10-19T05:56:33","slug":"ecuador-presidira-la-acnur-por-ser-uno-de-los-paises-que-mas-apoyo-da-al-migrante","status":"publish","type":"post","link":"https:\/\/infozamoraec.com\/index.php\/2024\/10\/19\/ecuador-presidira-la-acnur-por-ser-uno-de-los-paises-que-mas-apoyo-da-al-migrante\/","title":{"rendered":"Ecuador presidir\u00e1 la ACNUR por ser uno de los pa\u00edses que m\u00e1s apoyo da al migrante"},"content":{"rendered":"<p>El embajador<strong>\u00a0Marcelo V\u00e1squez Berm\u00fadez<\/strong>, quien es representante permanente de Ecuador ante las Naciones Unidas en Ginebra fue elegido este viernes 18 de octubre como nuevo\u00a0<strong>presidente del Comit\u00e9 Ejecutivo<\/strong>\u00a0de la Agencia de la Organizaci\u00f3n de las Naciones Unidas para los Refugiados (<strong>ACNUR<\/strong>) para el per\u00edodo 2024-2025.<\/p>\n<p>La elecci\u00f3n de V\u00e1zquez Berm\u00fadez reconoce la\u00a0<strong>experiencia jur\u00eddica y diplom\u00e1tica<\/strong>\u00a0del funcionario, y en especial a la tradici\u00f3n humanitaria del Ecuador como pa\u00eds de acogida a refugiados, ap\u00e1tridas y otras personas en necesidad de\u00a0<strong>protecci\u00f3n internacional<\/strong>\u00a0y por la integraci\u00f3n f\u00e1cil del migrante a la sociedad ecuatoriana.<\/p>\n<p>La Canciller\u00eda fue la que manifest\u00f3 su complacencia por la elecci\u00f3n y reiteraron que el Comit\u00e9 Ejecutivo de ACNUR, es el \u00f3rgano responsable de evaluar y aprobar los programas y el presupuesto del organismo para el asesoramiento y protecci\u00f3n internacional.<\/p>\n","protected":false},"excerpt":{"rendered":"<p>El embajador\u00a0Marcelo V\u00e1squez Berm\u00fadez, quien es representante permanente de Ecuador ante las Naciones Unidas en Ginebra fue elegido este viernes 18 de octubre como nuevo\u00a0presidente del Comit\u00e9 Ejecutivo\u00a0de la Agencia de la Organizaci\u00f3n de las Naciones Unidas para los Refugiados (ACNUR) para el per\u00edodo 2024-2025. La elecci\u00f3n de V\u00e1zquez Berm\u00fadez reconoce la\u00a0experiencia jur\u00eddica y diplom\u00e1tica\u00a0del [&hellip;]<\/p>\n","protected":false},"author":1,"featured_media":7209,"comment_status":"open","ping_status":"open","sticky":false,"template":"","format":"standard","meta":{"footnotes":""},"categories":[12],"tags":[],"_links":{"self":[{"href":"https:\/\/infozamoraec.com\/index.php\/wp-json\/wp\/v2\/posts\/7208"}],"collection":[{"href":"https:\/\/infozamoraec.com\/index.php\/wp-json\/wp\/v2\/posts"}],"about":[{"href":"https:\/\/infozamoraec.com\/index.php\/wp-json\/wp\/v2\/types\/post"}],"author":[{"embeddable":true,"href":"https:\/\/infozamoraec.com\/index.php\/wp-json\/wp\/v2\/users\/1"}],"replies":[{"embeddable":true,"href":"https:\/\/infozamoraec.com\/index.php\/wp-json\/wp\/v2\/comments?post=7208"}],"version-history":[{"count":1,"href":"https:\/\/infozamoraec.com\/index.php\/wp-json\/wp\/v2\/posts\/7208\/revisions"}],"predecessor-version":[{"id":7210,"href":"https:\/\/infozamoraec.com\/index.php\/wp-json\/wp\/v2\/posts\/7208\/revisions\/7210"}],"wp:featuredmedia":[{"embeddable":true,"href":"https:\/\/infozamoraec.com\/index.php\/wp-json\/wp\/v2\/media\/7209"}],"wp:attachment":[{"href":"https:\/\/infozamoraec.com\/index.php\/wp-json\/wp\/v2\/media?parent=7208"}],"wp:term":[{"taxonomy":"category","embeddable":true,"href":"https:\/\/infozamoraec.com\/index.php\/wp-json\/wp\/v2\/categories?post=7208"},{"taxonomy":"post_tag","embeddable":true,"href":"https:\/\/infozamoraec.com\/index.php\/wp-json\/wp\/v2\/tags?post=7208"}],"curies":[{"name":"wp","href":"https:\/\/api.w.org\/{rel}","templated":true}]}}