{"id":7202,"date":"2024-10-19T00:24:43","date_gmt":"2024-10-19T00:24:43","guid":{"rendered":"https:\/\/infozamoraec.com\/?p=7202"},"modified":"2024-10-19T00:24:43","modified_gmt":"2024-10-19T00:24:43","slug":"zamora-chinchipe-celebra-la-5ta-feria-de-intercambio-de-semillas-y-dialogo-de-saberes-ancestrales","status":"publish","type":"post","link":"https:\/\/infozamoraec.com\/index.php\/2024\/10\/19\/zamora-chinchipe-celebra-la-5ta-feria-de-intercambio-de-semillas-y-dialogo-de-saberes-ancestrales\/","title":{"rendered":"Zamora Chinchipe celebra la 5ta Feria de Intercambio de Semillas y Di\u00e1logo de Saberes Ancestrales"},"content":{"rendered":"<p>Este 18 de octubre de 2024,\u00a0 se llev\u00f3 a cabo la 5ta Feria de Intercambio de Semillas y Di\u00e1logo de Saberes Ancestrales en Zamora Chinchipe, organizada por el Ministerio de Agricultura y Ganader\u00eda, la feria facilit\u00f3 el intercambio de semillas nativas y saberes ancestrales, con el objetivo de fortalecer la conexi\u00f3n con la tierra.<\/p>\n<p>El evento se desarroll\u00f3 en los exteriores del mercado Reina del Cisne del cant\u00f3n Zamora, donde asociaciones agroproductoras de la provincia expusieron sus productos y realizaron el intercambio de semillas.<\/p>\n<p>Esta actividad permiti\u00f3 mantener viva la tradici\u00f3n ancestral, donde las comunidades compartieron su conocimiento y riqueza agr\u00edcola, promoviendo la soberan\u00eda alimentaria. El evento cont\u00f3 con la presencia del gobernador Francisco Mes\u00edas Hidalgo, autoridades locales, provinciales y nacionales, as\u00ed como la ciudadan\u00eda en general.<\/p>\n<p>En esta edici\u00f3n, se reconoci\u00f3 el apoyo del alcalde del cant\u00f3n Zamora, Manuel Gonz\u00e1lez, quien recibi\u00f3 un reconocimiento del director provincial del Ministerio de Agricultura y Ganader\u00eda, \u00c1ngel Oswaldo Salinas, por su compromiso con los agricultores y la log\u00edstica para la realizaci\u00f3n de la feria.<\/p>\n","protected":false},"excerpt":{"rendered":"<p>Este 18 de octubre de 2024,\u00a0 se llev\u00f3 a cabo la 5ta Feria de Intercambio de Semillas y Di\u00e1logo de Saberes Ancestrales en Zamora Chinchipe, organizada por el Ministerio de Agricultura y Ganader\u00eda, la feria facilit\u00f3 el intercambio de semillas nativas y saberes ancestrales, con el objetivo de fortalecer la conexi\u00f3n con la tierra. El [&hellip;]<\/p>\n","protected":false},"author":1,"featured_media":7203,"comment_status":"open","ping_status":"open","sticky":false,"template":"","format":"standard","meta":{"footnotes":""},"categories":[9],"tags":[],"_links":{"self":[{"href":"https:\/\/infozamoraec.com\/index.php\/wp-json\/wp\/v2\/posts\/7202"}],"collection":[{"href":"https:\/\/infozamoraec.com\/index.php\/wp-json\/wp\/v2\/posts"}],"about":[{"href":"https:\/\/infozamoraec.com\/index.php\/wp-json\/wp\/v2\/types\/post"}],"author":[{"embeddable":true,"href":"https:\/\/infozamoraec.com\/index.php\/wp-json\/wp\/v2\/users\/1"}],"replies":[{"embeddable":true,"href":"https:\/\/infozamoraec.com\/index.php\/wp-json\/wp\/v2\/comments?post=7202"}],"version-history":[{"count":2,"href":"https:\/\/infozamoraec.com\/index.php\/wp-json\/wp\/v2\/posts\/7202\/revisions"}],"predecessor-version":[{"id":7205,"href":"https:\/\/infozamoraec.com\/index.php\/wp-json\/wp\/v2\/posts\/7202\/revisions\/7205"}],"wp:featuredmedia":[{"embeddable":true,"href":"https:\/\/infozamoraec.com\/index.php\/wp-json\/wp\/v2\/media\/7203"}],"wp:attachment":[{"href":"https:\/\/infozamoraec.com\/index.php\/wp-json\/wp\/v2\/media?parent=7202"}],"wp:term":[{"taxonomy":"category","embeddable":true,"href":"https:\/\/infozamoraec.com\/index.php\/wp-json\/wp\/v2\/categories?post=7202"},{"taxonomy":"post_tag","embeddable":true,"href":"https:\/\/infozamoraec.com\/index.php\/wp-json\/wp\/v2\/tags?post=7202"}],"curies":[{"name":"wp","href":"https:\/\/api.w.org\/{rel}","templated":true}]}}