{"id":7196,"date":"2024-10-19T00:17:00","date_gmt":"2024-10-19T00:17:00","guid":{"rendered":"https:\/\/infozamoraec.com\/?p=7196"},"modified":"2024-10-19T00:17:00","modified_gmt":"2024-10-19T00:17:00","slug":"las-mesas-tecnicas-de-genero-ninez-y-adolescencia-refuerzan-el-compromiso-por-una-justicia-inclusiva","status":"publish","type":"post","link":"https:\/\/infozamoraec.com\/index.php\/2024\/10\/19\/las-mesas-tecnicas-de-genero-ninez-y-adolescencia-refuerzan-el-compromiso-por-una-justicia-inclusiva\/","title":{"rendered":"Las mesas t\u00e9cnicas de g\u00e9nero, ni\u00f1ez y adolescencia refuerzan el compromiso por una justicia inclusiva"},"content":{"rendered":"<p>Implementar programas de capacitaci\u00f3n especializada y campa\u00f1as de prevenci\u00f3n en coordinaci\u00f3n con las instituciones locales y las organizaciones de la sociedad civil; fortalecer las rutas de atenci\u00f3n para mujeres v\u00edctimas de violencia, garantizando un acceso m\u00e1s \u00e1gil y eficiente a la justicia, son los principales acuerdos generados por la Mesa de Justicia y G\u00e9nero, y la Mesa de Ni\u00f1ez y Adolescencia en Zamora Chinchipe.<\/p>\n<p>Con el prop\u00f3sito de fortalecer las medidas para facilitar el acceso a la justicia de las mujeres y otros grupos de atenci\u00f3n prioritaria, en el cant\u00f3n Centinela del C\u00f3ndor se reactiv\u00f3 la Mesa de Justicia y G\u00e9nero, y la Mesa de Ni\u00f1ez y Adolescencia en Zamora Chinchipe.<\/p>\n<p>El presidente de la Corte Provincial de Justicia, Bladimir Erazo, encabez\u00f3 ambas mesas, destacando la importancia de estos espacios para generar pol\u00edticas que aseguren un acceso efectivo a la justicia, sobre todo en casos relacionados con violencia de g\u00e9nero y la protecci\u00f3n de derechos de ni\u00f1os, ni\u00f1as y adolescentes.<\/p>\n<p>\u00abEs crucial que como sistema judicial nos adaptemos a las realidades de nuestras comunidades, brindando una respuesta adecuada y oportuna en situaciones que afectan a los m\u00e1s vulnerables\u201d puntualiz\u00f3 la autoridad.<\/p>\n<p>Entre los compromisos adquiridos por los actores participantes destacan: Fortalecer la capacitaci\u00f3n continua a los operadores de justicia en derechos humanos, perspectiva de g\u00e9nero y protecci\u00f3n de menores de edad; coordinar acciones interinstitucionales para garantizar que las v\u00edctimas de violencia de g\u00e9nero y los ni\u00f1os, ni\u00f1as y adolescentes en situaci\u00f3n de riesgo reciban atenci\u00f3n integral y oportuna; desarrollar campa\u00f1as educativas y de sensibilizaci\u00f3n dirigidas a la ciudadan\u00eda, para promover la denuncia y prevenci\u00f3n de la violencia; seguimiento a los casos atendidos, asegurando que las respuestas judiciales.<\/p>\n<p>Este despliegue permite reforzar las acciones coordinadas en cada territorio, garantizando que las mujeres, ni\u00f1os, ni\u00f1as y adolescentes tengan acceso a un sistema de justicia m\u00e1s cercano, inclusivo y efectivo.<\/p>\n<p>&nbsp;<\/p>\n<p>Con este enfoque, se prev\u00e9 que las Mesas de Justicia y G\u00e9nero, as\u00ed como las Mesas de Ni\u00f1ez y Adolescencia, se activen de manera itinerante en los nueve cantones de Zamora Chinchipe.<\/p>\n","protected":false},"excerpt":{"rendered":"<p>Implementar programas de capacitaci\u00f3n especializada y campa\u00f1as de prevenci\u00f3n en coordinaci\u00f3n con las instituciones locales y las organizaciones de la sociedad civil; fortalecer las rutas de atenci\u00f3n para mujeres v\u00edctimas de violencia, garantizando un acceso m\u00e1s \u00e1gil y eficiente a la justicia, son los principales acuerdos generados por la Mesa de Justicia y G\u00e9nero, y [&hellip;]<\/p>\n","protected":false},"author":1,"featured_media":7197,"comment_status":"open","ping_status":"open","sticky":false,"template":"","format":"standard","meta":{"footnotes":""},"categories":[9],"tags":[],"_links":{"self":[{"href":"https:\/\/infozamoraec.com\/index.php\/wp-json\/wp\/v2\/posts\/7196"}],"collection":[{"href":"https:\/\/infozamoraec.com\/index.php\/wp-json\/wp\/v2\/posts"}],"about":[{"href":"https:\/\/infozamoraec.com\/index.php\/wp-json\/wp\/v2\/types\/post"}],"author":[{"embeddable":true,"href":"https:\/\/infozamoraec.com\/index.php\/wp-json\/wp\/v2\/users\/1"}],"replies":[{"embeddable":true,"href":"https:\/\/infozamoraec.com\/index.php\/wp-json\/wp\/v2\/comments?post=7196"}],"version-history":[{"count":1,"href":"https:\/\/infozamoraec.com\/index.php\/wp-json\/wp\/v2\/posts\/7196\/revisions"}],"predecessor-version":[{"id":7198,"href":"https:\/\/infozamoraec.com\/index.php\/wp-json\/wp\/v2\/posts\/7196\/revisions\/7198"}],"wp:featuredmedia":[{"embeddable":true,"href":"https:\/\/infozamoraec.com\/index.php\/wp-json\/wp\/v2\/media\/7197"}],"wp:attachment":[{"href":"https:\/\/infozamoraec.com\/index.php\/wp-json\/wp\/v2\/media?parent=7196"}],"wp:term":[{"taxonomy":"category","embeddable":true,"href":"https:\/\/infozamoraec.com\/index.php\/wp-json\/wp\/v2\/categories?post=7196"},{"taxonomy":"post_tag","embeddable":true,"href":"https:\/\/infozamoraec.com\/index.php\/wp-json\/wp\/v2\/tags?post=7196"}],"curies":[{"name":"wp","href":"https:\/\/api.w.org\/{rel}","templated":true}]}}