{"id":7173,"date":"2024-10-17T06:39:27","date_gmt":"2024-10-17T06:39:27","guid":{"rendered":"https:\/\/infozamoraec.com\/?p=7173"},"modified":"2024-10-17T06:39:27","modified_gmt":"2024-10-17T06:39:27","slug":"septiembre-registro-3-647-despidos-debido-a-la-crisis-energetica-en-el-pais","status":"publish","type":"post","link":"https:\/\/infozamoraec.com\/index.php\/2024\/10\/17\/septiembre-registro-3-647-despidos-debido-a-la-crisis-energetica-en-el-pais\/","title":{"rendered":"Septiembre registr\u00f3 3.647 despidos debido a la crisis energ\u00e9tica en el pa\u00eds"},"content":{"rendered":"<p>El empleo se ha visto afectado desde que iniciaron los apagones a nivel nacional, ya que estos paralizan o retrasan las actividades productivas y deja a miles de personas sin trabajo. Solo en septiembre de 2024, 3.647 personas fueron despedidas intempestivamente, seg\u00fan cifras del Ministerio de Trabajo.<\/p>\n<p>La ministra Ivonne N\u00fa\u00f1ez explic\u00f3, en una entrevista radial que dio el d\u00eda 15 de octubre, que el n\u00famero de despidos registrados en septiembre refleja la magnitud del problema. De los 3.647 despidos, 1.659 actas de finiquito fueron aprobadas por el ministerio de Trabajo, mismas que se identificaron como despidos intempestivos del mes.<\/p>\n<p>No obstante, N\u00fa\u00f1ez aclar\u00f3 que algunas de estas actas corresponden a despidos de meses anteriores, debido a la acumulaci\u00f3n de tr\u00e1mites dentro del sistema.<\/p>\n<p>El problema no parece mejorar en octubre, un mes en el que los apagones duran hasta 10 horas diarias en diferentes sectores. \u201cA la fecha, en octubre se acaban de aprobar 77 actas de finiquito por el concepto del despido intempestivo de lo que va del mes\u201d, dijo la ministra.<\/p>\n<p>SECTORES M\u00c1S<\/p>\n<p>AFECTADOS<\/p>\n<p>El Ministerio de Trabajo dio a conocer que los sectores m\u00e1s golpeados por los despidos en septiembre son aquellos cuya actividad depende en gran medida de la energ\u00eda el\u00e9ctrica.<\/p>\n<p>El sector manufacturero encabeza la lista con 719 empleos perdidos, seguido del sector comercio, que registr\u00f3 663 despidos. El tercer sector afectado es el de la agricultura y ganader\u00eda, donde 377 personas quedaron sin empleo.<\/p>\n<p>Las actividades financieras, de ense\u00f1anza y profesionales tambi\u00e9n sufrieron un fuerte impacto, con 652 despidos en total. Mientras que el sector de la construcci\u00f3n registra 127 trabajadores despedidos en septiembre.<\/p>\n<p>Por otro lado, es necesario mencionar que estas cifras no incluyen a los trabajadores informales o due\u00f1os de peque\u00f1os negocios, quienes tambi\u00e9n sufren el impacto indirecto de la crisis energ\u00e9tica.<\/p>\n<p>MEDIDAS PROPUESTAS POR EL GOBIERNO<\/p>\n<p>Ante la creciente preocupaci\u00f3n, la ministra Ivonne N\u00fa\u00f1ez inform\u00f3 que el Gobierno est\u00e1 manteniendo reuniones con el sector empresarial para encontrar soluciones que mitiguen el impacto de los apagones en el empleo.<\/p>\n<p>Una de las alternativas propuestas es la flexibilizaci\u00f3n de la jornada laboral, permitiendo que las horas no trabajadas debido a los cortes de energ\u00eda se compensen en otros d\u00edas, incluidos fines de semana, respetando siempre el pago de horas extras.<\/p>\n<p>Otra opci\u00f3n es que los empleadores puedan permitir que los trabajadores tomen vacaciones acumuladas durante los apagones, siempre y cuando haya acuerdo entre ambas partes. Sin embargo, estas medidas generan diversas opiniones entre empresarios y trabajadores.<\/p>\n<p>TESTIMONIO<\/p>\n<p>En Machala, los peque\u00f1os negocios enfrentan una serie de dificultades debido a los racionamientos de energ\u00eda que los han llevado a tomar decisiones dr\u00e1sticas como el despido de empleados como una medida para no caer en una crisis econ\u00f3mica.<\/p>\n<p>Anabel Guam\u00e1n, due\u00f1a de una peluquer\u00eda, comparti\u00f3 su preocupaci\u00f3n sobre el impacto de los cortes de luz en su negocio quien se vio obligada a despedir a dos de sus siete trabajadores debido a que ya no era rentable para ella tener m\u00e1s personal.<\/p>\n<p>Este Diario se contact\u00f3 con representantes de la Caja del Seguro del IESS e insisti\u00f3 que se le proporcione estad\u00edsticas de cu\u00e1ntas desvinculaciones hay en septiembre en Machala; sin embargo, un encargado manifest\u00f3 que esa informaci\u00f3n no la maneja la entidad.<\/p>\n<p>Adem\u00e1s, mencion\u00f3 que su negocio es peque\u00f1o y que con los apagones su negocio va a quebrar. \u201cUn negocio como este que es peque\u00f1o lo va a quebrar, porque uno aqu\u00ed paga arriendo, recolecci\u00f3n de basura, bomberos y la luz\u201d, dijo Guam\u00e1n.<\/p>\n<p>A medida que los apagones contin\u00faan, la preocupaci\u00f3n por el desempleo crece en todos los sectores productivos. La prolongaci\u00f3n de los cortes de energ\u00eda hasta diciembre o incluso hasta 2025 genera incertidumbre en los empresarios, que temen m\u00e1s despidos.<\/p>\n<p>Aunque el Gobierno propone nuevas medidas, como el proyecto de empleabilidad digital enfocado en los j\u00f3venes, el impacto inmediato de la crisis energ\u00e9tica es una realidad para miles de trabajadores en Ecuador.<\/p>\n<p>Criterios<\/p>\n<p>Anabel Guam\u00e1n:<\/p>\n<p>\u201cPerjudica porque hay mucha gente que depende de un empleo y por estos cortes de luz ya no pueden trabajar y as\u00ed ya no hay empleo. S\u00ed, hay dos vinculaciones por los apagones porque ya no da para mucho y aqu\u00ed los arriendos son caros y no da para sostener a bastantes empleados\u201d.<\/p>\n","protected":false},"excerpt":{"rendered":"<p>El empleo se ha visto afectado desde que iniciaron los apagones a nivel nacional, ya que estos paralizan o retrasan las actividades productivas y deja a miles de personas sin trabajo. Solo en septiembre de 2024, 3.647 personas fueron despedidas intempestivamente, seg\u00fan cifras del Ministerio de Trabajo. La ministra Ivonne N\u00fa\u00f1ez explic\u00f3, en una entrevista [&hellip;]<\/p>\n","protected":false},"author":1,"featured_media":7174,"comment_status":"open","ping_status":"open","sticky":false,"template":"","format":"standard","meta":{"footnotes":""},"categories":[12],"tags":[],"_links":{"self":[{"href":"https:\/\/infozamoraec.com\/index.php\/wp-json\/wp\/v2\/posts\/7173"}],"collection":[{"href":"https:\/\/infozamoraec.com\/index.php\/wp-json\/wp\/v2\/posts"}],"about":[{"href":"https:\/\/infozamoraec.com\/index.php\/wp-json\/wp\/v2\/types\/post"}],"author":[{"embeddable":true,"href":"https:\/\/infozamoraec.com\/index.php\/wp-json\/wp\/v2\/users\/1"}],"replies":[{"embeddable":true,"href":"https:\/\/infozamoraec.com\/index.php\/wp-json\/wp\/v2\/comments?post=7173"}],"version-history":[{"count":1,"href":"https:\/\/infozamoraec.com\/index.php\/wp-json\/wp\/v2\/posts\/7173\/revisions"}],"predecessor-version":[{"id":7175,"href":"https:\/\/infozamoraec.com\/index.php\/wp-json\/wp\/v2\/posts\/7173\/revisions\/7175"}],"wp:featuredmedia":[{"embeddable":true,"href":"https:\/\/infozamoraec.com\/index.php\/wp-json\/wp\/v2\/media\/7174"}],"wp:attachment":[{"href":"https:\/\/infozamoraec.com\/index.php\/wp-json\/wp\/v2\/media?parent=7173"}],"wp:term":[{"taxonomy":"category","embeddable":true,"href":"https:\/\/infozamoraec.com\/index.php\/wp-json\/wp\/v2\/categories?post=7173"},{"taxonomy":"post_tag","embeddable":true,"href":"https:\/\/infozamoraec.com\/index.php\/wp-json\/wp\/v2\/tags?post=7173"}],"curies":[{"name":"wp","href":"https:\/\/api.w.org\/{rel}","templated":true}]}}