{"id":7170,"date":"2024-10-17T06:37:27","date_gmt":"2024-10-17T06:37:27","guid":{"rendered":"https:\/\/infozamoraec.com\/?p=7170"},"modified":"2024-10-17T06:44:37","modified_gmt":"2024-10-17T06:44:37","slug":"embalse-de-mazar-a-37-metros-de-llegar-a-la-cota-maxima","status":"publish","type":"post","link":"https:\/\/infozamoraec.com\/index.php\/2024\/10\/17\/embalse-de-mazar-a-37-metros-de-llegar-a-la-cota-maxima\/","title":{"rendered":"Embalse de Mazar: \u201cA 37 metros de llegar a la cota m\u00e1xima\u201d"},"content":{"rendered":"<div class=\"cp-excerpt-xl\">\n<p>La cota del embalse de Mazar sigue en recuperaci\u00f3n, pese a la escasa lluvia en la zona en donde se encuentra, en la provincia de Azuay, al sur de Ecuador.<\/p>\n<p>La ministra de Energ\u00eda y Minas (e), In\u00e9s Manzano, la ma\u00f1ana de este mi\u00e9rcoles, 16 de octubre, indic\u00f3 que seg\u00fan el reporte de la Corporaci\u00f3n El\u00e9ctrica del Ecuador (Celec), a las 08:00, se ubic\u00f3 en 2.116,68 metros sobre el nivel del mar (m.s.n.m.), para las 15:00 ya estuvo en 2.116,88 m.s.n.m.<\/p>\n<p>\u201cVamos aumentando de cent\u00edmetro c\u00fabico en cent\u00edmetro c\u00fabico, pero content\u00edsimos&#8230;, estamos a 37 metros de llegar a la cota m\u00e1xima\u201d, dijo la funcionaria en radio\u00a0<em>Democracia<\/em>.<\/p>\n<p>La cota m\u00e1xima de Mazar es de 2.153 m.s.n.m., mientras que la m\u00ednima es de 2.098 m.s.n.m. Sin embargo, de llegar a 2.110 metros se pierde \u201cel control, donde se pueden cerrar las dos turbinas y a partir de ese momento\u201d se depende \u201cexclusivamente de lo que llueva\u201d, incluso por eso los apagones, mencion\u00f3 en septiembre el exministro de Energ\u00eda y Minas, Antonio Goncalves.<\/p>\n<p>La funcionaria en\u00a0<em>Teleamazonas<\/em>\u00a0el lunes, 14 de octubre, tambi\u00e9n indic\u00f3 que lo m\u00ednimo es 2.110 metros y por ello todas las medidas que se toma. Para ese d\u00eda por la ma\u00f1ana ya estaba en 2.114,30 metros.<\/p>\n<p>Para esta semana la ministra Manzano anticipaba como una situaci\u00f3n cr\u00edtica por la ausencia de precipitaciones en el zona centro &#8211; sur del pa\u00eds, sobre todo en Azuay, mientras que en donde se encuentra la central Coca Codo Sinclair si hab\u00eda registro de lluvias.<\/p>\n<p>La central Coca Codo Sinclair tiene capacidad para generar 1.500 MW y se encuentra entre las provincias de Napo (cant\u00f3n El Chaco) y Sucumb\u00edos (cant\u00f3n Gonzalo Pizarro).<\/p>\n<p>La ministra Manzano explic\u00f3 que Mazar es una represa que tiene 27 kil\u00f3metros y por ello \u201cun metro c\u00fabico es extraordinario, porque estamos hablando de una gran extensi\u00f3n\u201d, dijo.<\/p>\n<p>De acuerdo con Celec, del 1 al 15 de octubre la cota del embalse de Mazar ha estado entre 2.119,90, el 3 de octubre, siendo la m\u00e1s alta y 2.112,60 m.s.n.m., el 10 de octubre, la m\u00e1s baja.<\/p>\n<p>&nbsp;<\/p>\n<\/div>\n","protected":false},"excerpt":{"rendered":"<p>La cota del embalse de Mazar sigue en recuperaci\u00f3n, pese a la escasa lluvia en la zona en donde se encuentra, en la provincia de Azuay, al sur de Ecuador. La ministra de Energ\u00eda y Minas (e), In\u00e9s Manzano, la ma\u00f1ana de este mi\u00e9rcoles, 16 de octubre, indic\u00f3 que seg\u00fan el reporte de la Corporaci\u00f3n [&hellip;]<\/p>\n","protected":false},"author":1,"featured_media":7171,"comment_status":"open","ping_status":"open","sticky":false,"template":"","format":"standard","meta":{"footnotes":""},"categories":[12],"tags":[],"_links":{"self":[{"href":"https:\/\/infozamoraec.com\/index.php\/wp-json\/wp\/v2\/posts\/7170"}],"collection":[{"href":"https:\/\/infozamoraec.com\/index.php\/wp-json\/wp\/v2\/posts"}],"about":[{"href":"https:\/\/infozamoraec.com\/index.php\/wp-json\/wp\/v2\/types\/post"}],"author":[{"embeddable":true,"href":"https:\/\/infozamoraec.com\/index.php\/wp-json\/wp\/v2\/users\/1"}],"replies":[{"embeddable":true,"href":"https:\/\/infozamoraec.com\/index.php\/wp-json\/wp\/v2\/comments?post=7170"}],"version-history":[{"count":1,"href":"https:\/\/infozamoraec.com\/index.php\/wp-json\/wp\/v2\/posts\/7170\/revisions"}],"predecessor-version":[{"id":7172,"href":"https:\/\/infozamoraec.com\/index.php\/wp-json\/wp\/v2\/posts\/7170\/revisions\/7172"}],"wp:featuredmedia":[{"embeddable":true,"href":"https:\/\/infozamoraec.com\/index.php\/wp-json\/wp\/v2\/media\/7171"}],"wp:attachment":[{"href":"https:\/\/infozamoraec.com\/index.php\/wp-json\/wp\/v2\/media?parent=7170"}],"wp:term":[{"taxonomy":"category","embeddable":true,"href":"https:\/\/infozamoraec.com\/index.php\/wp-json\/wp\/v2\/categories?post=7170"},{"taxonomy":"post_tag","embeddable":true,"href":"https:\/\/infozamoraec.com\/index.php\/wp-json\/wp\/v2\/tags?post=7170"}],"curies":[{"name":"wp","href":"https:\/\/api.w.org\/{rel}","templated":true}]}}