{"id":7099,"date":"2024-10-15T00:28:49","date_gmt":"2024-10-15T00:28:49","guid":{"rendered":"https:\/\/infozamoraec.com\/?p=7099"},"modified":"2024-10-15T00:28:49","modified_gmt":"2024-10-15T00:28:49","slug":"ni-topic-ni-rabascall-pasan-aun-la-validacion-del-cne","status":"publish","type":"post","link":"https:\/\/infozamoraec.com\/index.php\/2024\/10\/15\/ni-topic-ni-rabascall-pasan-aun-la-validacion-del-cne\/","title":{"rendered":"Ni Topic ni Rabascall pasan a\u00fan la validaci\u00f3n del CNE"},"content":{"rendered":"<p>Catorce de los diecis\u00e9is candidatos presidenciales que se han inscrito para las pr\u00f3ximas elecciones generales de Ecuador han pasado la validaci\u00f3n del\u00a0<a title=\"Consejo Nacional Electoral \" href=\"https:\/\/x.com\/cnegobec\" target=\"_blank\" rel=\"noopener\"><strong>Consejo Nacional Electoral<\/strong>\u00a0<\/a>(CNE), organizador de los comicios, y sus postulaciones est\u00e1n \u00aben firme\u00bb.<\/p>\n<p>As\u00ed lo confirm\u00f3 este lunes a EFE una fuente del CNE, instituci\u00f3n que tiene entre las candidaturas \u00aben firme\u00bb a la del actual presidente,\u00a0<strong>Daniel Noboa<\/strong>, que busca gobernar para un periodo completo (2025-2029) tras haber ganado los comicios extraordinarios de 2023, despu\u00e9s de la salida anticipada de Guillermo Lasso (2021-2023).<\/p>\n<p>Asimismo, est\u00e1 en firme la candidatura de\u00a0<strong>Luisa Gonz\u00e1lez<\/strong>, del movimiento Revoluci\u00f3n Ciudadana (RC), liderado por el expresidente Rafael Correa (2007-2017), y qui\u00e9n perdi\u00f3 en la segunda vuelta de 2023 contra Noboa.<\/p>\n<p>Entre la docena restante de candidaturas que han pasado ya todos los controles figura la de\u00a0<strong>Andrea Gonz\u00e1lez<\/strong>, quien en las elecciones extraordinarias de 2023 era candidata a vicepresidenta de Fernando Villavicencio, asesinado por sicarios nueve d\u00edas antes de la primera vuelta de los comicios.<\/p>\n<h2 class=\"wp-block-heading\">Impugnaciones<\/h2>\n<p>La fuente del CNE indic\u00f3 que las candidaturas que est\u00e1n calificadas, pero a la espera de superar impugnaciones est\u00e1n la del excandidato presidencial, exlegionario y empresario especialista en seguridad\u00a0<strong><a title=\"Jan Topic\" href=\"https:\/\/www.larepublica.ec\/blog\/2024\/09\/30\/topic-anuncia-la-inscripcion-de-su-candidatura-a-la-presidencia\/\" target=\"_blank\" rel=\"noopener\">Jan Topic<\/a><\/strong>, y la del periodista\u00a0<strong><a title=\"Carlos Rabascall\" href=\"https:\/\/www.larepublica.ec\/blog\/2024\/08\/26\/rabascall-primera-vez-que-me-afilio-a-un-partido-que-me-representa\/\" target=\"_blank\" rel=\"noopener\">Carlos Rabascall<\/a><\/strong>, que en 2021 fue candidato a vicepresidente por el corre\u00edsmo.<\/p>\n<p>En los pr\u00f3ximos comicios se elegir\u00e1 a las personas que ocupar\u00e1n los cargos de Presidencia y Vicepresidencia para el periodo 2025-2029 y se renovar\u00e1 la Asamblea Nacional (Parlamento), que pasar\u00e1 a tener de 137 a 151 asamble\u00edstas, mientras que tambi\u00e9n se escoger\u00e1 a cinco representantes del Parlamento Andino.<\/p>\n<p>La cita electoral est\u00e1 programada para el domingo 9 de febrero de 2025, y para la elecci\u00f3n presidencial habr\u00e1 una segunda vuelta el domingo 13 de abril entre los dos candidatos m\u00e1s votados, en caso de que ning\u00fan postulante logre al menos el 50 % de los votos o el 40 % y una ventaja sobre diez puntos porcentuales sobre el segundo. EFE<\/p>\n","protected":false},"excerpt":{"rendered":"<p>Catorce de los diecis\u00e9is candidatos presidenciales que se han inscrito para las pr\u00f3ximas elecciones generales de Ecuador han pasado la validaci\u00f3n del\u00a0Consejo Nacional Electoral\u00a0(CNE), organizador de los comicios, y sus postulaciones est\u00e1n \u00aben firme\u00bb. As\u00ed lo confirm\u00f3 este lunes a EFE una fuente del CNE, instituci\u00f3n que tiene entre las candidaturas \u00aben firme\u00bb a la [&hellip;]<\/p>\n","protected":false},"author":1,"featured_media":7100,"comment_status":"open","ping_status":"open","sticky":false,"template":"","format":"standard","meta":{"footnotes":""},"categories":[12],"tags":[],"_links":{"self":[{"href":"https:\/\/infozamoraec.com\/index.php\/wp-json\/wp\/v2\/posts\/7099"}],"collection":[{"href":"https:\/\/infozamoraec.com\/index.php\/wp-json\/wp\/v2\/posts"}],"about":[{"href":"https:\/\/infozamoraec.com\/index.php\/wp-json\/wp\/v2\/types\/post"}],"author":[{"embeddable":true,"href":"https:\/\/infozamoraec.com\/index.php\/wp-json\/wp\/v2\/users\/1"}],"replies":[{"embeddable":true,"href":"https:\/\/infozamoraec.com\/index.php\/wp-json\/wp\/v2\/comments?post=7099"}],"version-history":[{"count":1,"href":"https:\/\/infozamoraec.com\/index.php\/wp-json\/wp\/v2\/posts\/7099\/revisions"}],"predecessor-version":[{"id":7101,"href":"https:\/\/infozamoraec.com\/index.php\/wp-json\/wp\/v2\/posts\/7099\/revisions\/7101"}],"wp:featuredmedia":[{"embeddable":true,"href":"https:\/\/infozamoraec.com\/index.php\/wp-json\/wp\/v2\/media\/7100"}],"wp:attachment":[{"href":"https:\/\/infozamoraec.com\/index.php\/wp-json\/wp\/v2\/media?parent=7099"}],"wp:term":[{"taxonomy":"category","embeddable":true,"href":"https:\/\/infozamoraec.com\/index.php\/wp-json\/wp\/v2\/categories?post=7099"},{"taxonomy":"post_tag","embeddable":true,"href":"https:\/\/infozamoraec.com\/index.php\/wp-json\/wp\/v2\/tags?post=7099"}],"curies":[{"name":"wp","href":"https:\/\/api.w.org\/{rel}","templated":true}]}}