{"id":7058,"date":"2024-10-12T02:05:28","date_gmt":"2024-10-12T02:05:28","guid":{"rendered":"https:\/\/infozamoraec.com\/?p=7058"},"modified":"2024-10-12T02:05:28","modified_gmt":"2024-10-12T02:05:28","slug":"expresidente-rafael-correa-cuestiona-que-sancion-de-estados-unidos-alcance-a-su-familia","status":"publish","type":"post","link":"https:\/\/infozamoraec.com\/index.php\/2024\/10\/12\/expresidente-rafael-correa-cuestiona-que-sancion-de-estados-unidos-alcance-a-su-familia\/","title":{"rendered":"Expresidente Rafael Correa cuestiona que \u2018sanci\u00f3n\u2019 de Estados Unidos alcance a su familia"},"content":{"rendered":"<div class=\"cp-excerpt-xl\">\n<p>En un comunicado p\u00fablico, divulgado este jueves 10 de octubre del 2024, el expresidente Rafael Correa tild\u00f3 de \u201cinfamia\u201d que Estados Unidos lo haya declarado \u201cno elegible\u201d para ingresar en su territorio alegando que fue un funcionario \u201ccorrupto\u201d y cuestion\u00f3 que esa decisi\u00f3n alcance a su esposa, Anne Malherbe, y a sus tres hijos.<\/p>\n<p>El exvicepresidente Jorge Glas, su esposa Cynthia D\u00edaz y su hijo del mismo nombre tambi\u00e9n recibieron ese \u201cveto\u201d.<\/p>\n<p>El Departamento de Estado indic\u00f3 que Correa y Glas abusaron de sus cargos como presidente y vicepresidente de Ecuador, respectivamente, \u201cal aceptar sobornos, incluso mediante contribuciones pol\u00edticas, a cambio de otorgar contratos gubernamentales favorables\u201d.<\/p>\n<p>\u201cEl 9 de octubre de 2024, en escueto comunicado de prensa, el Departamento de Estado de EE. UU. anuncia que me ha puesto a m\u00ed, a mi esposa y a mis tres hijos en la lista de no elegibles para visa estadounidense, por supuestamente haber sido yo un funcionario \u2018corrupto\u2019. As\u00ed esta infamia fuera cierta, la responsabilidad penal es individual y no por consanguinidad, una barbarie de la premodernidad mantenida actualmente solo por las mafias&#8230; Cuando yo dej\u00e9 el poder, mi hijo menor ten\u00eda apenas 14 a\u00f1os. Incluso se atreven a nombrar a los miembros de mi familia uno por uno, poniendo en riesgo su seguridad\u201d, fustig\u00f3 Correa.<\/p>\n<p>\u201cLo mismo hacen con el exvicepresidente Jorge Glas, que en estos momentos se encuentra en condiciones infrahumanas en una c\u00e1rcel de m\u00e1xima seguridad ecuatoriana, secuestrado por el Gobierno de Daniel Noboa, luego de la invasi\u00f3n de la sede diplom\u00e1tica mexicana el 5 de abril de 2024 y pese a su condici\u00f3n de asilado pol\u00edtico mexicano. La publicaci\u00f3n del Departamento de Estado involucra hasta a su exesposa, de la cual est\u00e1 divorciado hace ya varios a\u00f1os\u201d, agreg\u00f3.<\/p>\n<p>El exmandatario indic\u00f3 que ni \u00e9l ni su familia han solicitado visa para EE. UU.<\/p>\n<p>Adem\u00e1s, indic\u00f3 que la declaratoria del Departamento de Estado, basada en la sentencia del caso Sobornos 2012-2016, \u201comite aspectos tan relevantes como que Interpol se ha negado a tramitar las \u00f3rdenes internacionales de detenci\u00f3n relativas a esa causa, por considerarlas pol\u00edticas, o que los \u201ccondenados\u201d han recibido asilo en pa\u00edses con un Estado de derecho tan s\u00f3lido como M\u00e9xico, Canad\u00e1 o B\u00e9lgica, por considerarlos perseguidos pol\u00edticos\u201d.<\/p>\n<p>Para Correa, la actuaci\u00f3n del Gobierno de Estados Unidos est\u00e1 asociada con la cercan\u00eda de los comicios presidenciales de Ecuador, en los que el corre\u00edsmo participa con Luisa Gonz\u00e1lez, y evidencia \u201cel contenido pol\u00edtico de este arbitrario y antijur\u00eddico sistema de sanciones del Poder Ejecutivo estadounidense, sin importarles destrozar la verdad y los derechos humanos\u201d.<\/p>\n<p>\u201cViv\u00ed y estudi\u00e9 cuatro maravillosos a\u00f1os en Estados Unidos. En la d\u00e9cada en que fui presidente, cuando Ecuador y Am\u00e9rica Latina herv\u00edan de progreso y dignidad, yo trataba de moderar a ciertos colegas progresistas por su profundo sentimiento antimperialista. Me corresponde reconocer que el equivocado era yo\u201d, concluy\u00f3 Correa.<\/p>\n<p>&nbsp;<\/p>\n<\/div>\n","protected":false},"excerpt":{"rendered":"<p>En un comunicado p\u00fablico, divulgado este jueves 10 de octubre del 2024, el expresidente Rafael Correa tild\u00f3 de \u201cinfamia\u201d que Estados Unidos lo haya declarado \u201cno elegible\u201d para ingresar en su territorio alegando que fue un funcionario \u201ccorrupto\u201d y cuestion\u00f3 que esa decisi\u00f3n alcance a su esposa, Anne Malherbe, y a sus tres hijos. El [&hellip;]<\/p>\n","protected":false},"author":1,"featured_media":7059,"comment_status":"open","ping_status":"open","sticky":false,"template":"","format":"standard","meta":{"footnotes":""},"categories":[12],"tags":[],"_links":{"self":[{"href":"https:\/\/infozamoraec.com\/index.php\/wp-json\/wp\/v2\/posts\/7058"}],"collection":[{"href":"https:\/\/infozamoraec.com\/index.php\/wp-json\/wp\/v2\/posts"}],"about":[{"href":"https:\/\/infozamoraec.com\/index.php\/wp-json\/wp\/v2\/types\/post"}],"author":[{"embeddable":true,"href":"https:\/\/infozamoraec.com\/index.php\/wp-json\/wp\/v2\/users\/1"}],"replies":[{"embeddable":true,"href":"https:\/\/infozamoraec.com\/index.php\/wp-json\/wp\/v2\/comments?post=7058"}],"version-history":[{"count":1,"href":"https:\/\/infozamoraec.com\/index.php\/wp-json\/wp\/v2\/posts\/7058\/revisions"}],"predecessor-version":[{"id":7060,"href":"https:\/\/infozamoraec.com\/index.php\/wp-json\/wp\/v2\/posts\/7058\/revisions\/7060"}],"wp:featuredmedia":[{"embeddable":true,"href":"https:\/\/infozamoraec.com\/index.php\/wp-json\/wp\/v2\/media\/7059"}],"wp:attachment":[{"href":"https:\/\/infozamoraec.com\/index.php\/wp-json\/wp\/v2\/media?parent=7058"}],"wp:term":[{"taxonomy":"category","embeddable":true,"href":"https:\/\/infozamoraec.com\/index.php\/wp-json\/wp\/v2\/categories?post=7058"},{"taxonomy":"post_tag","embeddable":true,"href":"https:\/\/infozamoraec.com\/index.php\/wp-json\/wp\/v2\/tags?post=7058"}],"curies":[{"name":"wp","href":"https:\/\/api.w.org\/{rel}","templated":true}]}}