{"id":7055,"date":"2024-10-12T02:03:51","date_gmt":"2024-10-12T02:03:51","guid":{"rendered":"https:\/\/infozamoraec.com\/?p=7055"},"modified":"2024-10-12T02:03:51","modified_gmt":"2024-10-12T02:03:51","slug":"antisociales-robaron-en-agencia-de-cooperativa-de-ahorro-y-credito-en-nabon-azuay","status":"publish","type":"post","link":"https:\/\/infozamoraec.com\/index.php\/2024\/10\/12\/antisociales-robaron-en-agencia-de-cooperativa-de-ahorro-y-credito-en-nabon-azuay\/","title":{"rendered":"Antisociales robaron en agencia de cooperativa de Ahorro y Cr\u00e9dito en Nab\u00f3n, Azuay"},"content":{"rendered":"<p>En el marco del feriado nacional por la independencia de Guayaquil, este viernes 11 de octubre los habitantes del cant\u00f3n Nab\u00f3n, en la provincia de Azuay, amanecieron con la noticia de un robo.<\/p>\n<p>El hecho habr\u00eda ocurrido en la madrugada. Un grupo de unos 15 delincuentes robaron una agencia de la cooperativa de Ahorro y Cr\u00e9dito Jard\u00edn Azuayo, ubicada en la comunidad de Shi\u00f1a.<\/p>\n<p>As\u00ed lo reportaron medios locales como\u00a0<em>El Mercurio.\u00a0<\/em>Hasta el momento se desconoce el monto robado por los antisociales.<\/p>\n<p>Christian S\u00e1nchez Mendieta, periodista del rotativo, indic\u00f3 en su cuenta en la red social X, antes Twitter, que los antisociales se trasladaban en al menos tres veh\u00edculos.<\/p>\n","protected":false},"excerpt":{"rendered":"<p>En el marco del feriado nacional por la independencia de Guayaquil, este viernes 11 de octubre los habitantes del cant\u00f3n Nab\u00f3n, en la provincia de Azuay, amanecieron con la noticia de un robo. El hecho habr\u00eda ocurrido en la madrugada. Un grupo de unos 15 delincuentes robaron una agencia de la cooperativa de Ahorro y [&hellip;]<\/p>\n","protected":false},"author":1,"featured_media":7056,"comment_status":"open","ping_status":"open","sticky":false,"template":"","format":"standard","meta":{"footnotes":""},"categories":[12],"tags":[],"_links":{"self":[{"href":"https:\/\/infozamoraec.com\/index.php\/wp-json\/wp\/v2\/posts\/7055"}],"collection":[{"href":"https:\/\/infozamoraec.com\/index.php\/wp-json\/wp\/v2\/posts"}],"about":[{"href":"https:\/\/infozamoraec.com\/index.php\/wp-json\/wp\/v2\/types\/post"}],"author":[{"embeddable":true,"href":"https:\/\/infozamoraec.com\/index.php\/wp-json\/wp\/v2\/users\/1"}],"replies":[{"embeddable":true,"href":"https:\/\/infozamoraec.com\/index.php\/wp-json\/wp\/v2\/comments?post=7055"}],"version-history":[{"count":1,"href":"https:\/\/infozamoraec.com\/index.php\/wp-json\/wp\/v2\/posts\/7055\/revisions"}],"predecessor-version":[{"id":7057,"href":"https:\/\/infozamoraec.com\/index.php\/wp-json\/wp\/v2\/posts\/7055\/revisions\/7057"}],"wp:featuredmedia":[{"embeddable":true,"href":"https:\/\/infozamoraec.com\/index.php\/wp-json\/wp\/v2\/media\/7056"}],"wp:attachment":[{"href":"https:\/\/infozamoraec.com\/index.php\/wp-json\/wp\/v2\/media?parent=7055"}],"wp:term":[{"taxonomy":"category","embeddable":true,"href":"https:\/\/infozamoraec.com\/index.php\/wp-json\/wp\/v2\/categories?post=7055"},{"taxonomy":"post_tag","embeddable":true,"href":"https:\/\/infozamoraec.com\/index.php\/wp-json\/wp\/v2\/tags?post=7055"}],"curies":[{"name":"wp","href":"https:\/\/api.w.org\/{rel}","templated":true}]}}