{"id":7049,"date":"2024-10-12T01:59:03","date_gmt":"2024-10-12T01:59:03","guid":{"rendered":"https:\/\/infozamoraec.com\/?p=7049"},"modified":"2024-10-12T01:59:03","modified_gmt":"2024-10-12T01:59:03","slug":"ecuador-prohibe-a-xavier-jordan-renovar-su-pasaporte-por-ser-un-profugo-de-la-justicia","status":"publish","type":"post","link":"https:\/\/infozamoraec.com\/index.php\/2024\/10\/12\/ecuador-prohibe-a-xavier-jordan-renovar-su-pasaporte-por-ser-un-profugo-de-la-justicia\/","title":{"rendered":"Ecuador proh\u00edbe a Xavier Jord\u00e1n renovar su pasaporte por ser un pr\u00f3fugo de la justicia"},"content":{"rendered":"<p><strong>Xavier Jord\u00e1n<\/strong>, quien est\u00e1 siendo procesado por\u00a0<strong>delincuencia organizada<\/strong>\u00a0en el\u00a0<strong>caso Met\u00e1stasis<\/strong>, indic\u00f3 que demand\u00f3 a la<strong>\u00a0Canciller\u00eda\u00a0<\/strong>y al\u00a0<strong>Registro Civil<\/strong>\u00a0ya que su\u00a0<strong>pasaporte<\/strong>\u00a0caduca en\u00a0<strong>dos meses\u00a0<\/strong>y el consulado de\u00a0<strong>Ecuador<\/strong>\u00a0en\u00a0<strong>Miami\u00a0<\/strong>se neg\u00f3 a\u00a0<strong>renovarle\u00a0<\/strong>el documento.<\/p>\n<p>Jord\u00e1n exigi\u00f3 a la\u00a0<strong>Canciller\u00eda<\/strong>\u00a0la raz\u00f3n del\u00a0<strong>bloqueo<\/strong>. En su respuesta, el ministerio p\u00fablico le inform\u00f3 que la\u00a0<strong>ley proh\u00edbe<\/strong>\u00a0entregar el\u00a0<strong>pasaporte<\/strong>\u00a0a\u00a0<strong>pr\u00f3fugos<\/strong>\u00a0de la\u00a0<strong>justicia<\/strong>\u00a0y que \u00e9l tiene orden de\u00a0<strong>prisi\u00f3n preventiva.<\/strong><\/p>\n<p>Tras esta respuesta, los abogados de Jord\u00e1n presentaron una acci\u00f3n de protecci\u00f3n en Samborond\u00f3n.<\/p>\n<p>\u00c9l alega que sin pasaporte \u00abestar\u00e1 impedido de viajar y eso viola su derecho a tener una vida digna en el extranjero\u00bb.<\/p>\n<p>Sobre la condici\u00f3n migratoria en Estados Unidos de Jord\u00e1n, solo indica que la est\u00e1 solventando ante el departamento de justicia de Estados Unidos y que tiene cita en marzo de 2027. \u00c9l no menciona la alerta roja de Interpol emitida en su contra en enero.<\/p>\n<p>Sobre su pedido de acci\u00f3n de protecci\u00f3n, \u00e9sta recay\u00f3 en el juez Juan Purgar\u00edn, quien dispuso que Jord\u00e1n justifique por qu\u00e9 la presenta en Samborond\u00f3n. La ley ordena que lo haga en el lugar donde se origina la supuesta afectaci\u00f3n a sus derechos.Seg\u00fan la Fiscal\u00eda, Xavier Jord\u00e1n es uno de los cuatro cabecillas de la red de corrupci\u00f3n liderada por el narcotraficante asesinado Leandro Norero.<\/p>\n<p>Jord\u00e1n\u00a0<strong>rechaza ser pr\u00f3fugo<\/strong>, como lo identifica la\u00a0<strong>Fiscal\u00eda<\/strong>. Seg\u00fan \u00e9l, viaj\u00f3 a\u00a0<strong>Estados Unidos\u00a0<\/strong>por<strong>\u00a0razones familiares<\/strong>\u00a0y solo tendr\u00e1 ese estatus si no se presenta a la\u00a0<strong>audiencia\u00a0<\/strong>de<strong>\u00a0juzgamiento<\/strong>, que se fijar\u00e1 pr\u00f3ximamente.<\/p>\n","protected":false},"excerpt":{"rendered":"<p>Xavier Jord\u00e1n, quien est\u00e1 siendo procesado por\u00a0delincuencia organizada\u00a0en el\u00a0caso Met\u00e1stasis, indic\u00f3 que demand\u00f3 a la\u00a0Canciller\u00eda\u00a0y al\u00a0Registro Civil\u00a0ya que su\u00a0pasaporte\u00a0caduca en\u00a0dos meses\u00a0y el consulado de\u00a0Ecuador\u00a0en\u00a0Miami\u00a0se neg\u00f3 a\u00a0renovarle\u00a0el documento. Jord\u00e1n exigi\u00f3 a la\u00a0Canciller\u00eda\u00a0la raz\u00f3n del\u00a0bloqueo. En su respuesta, el ministerio p\u00fablico le inform\u00f3 que la\u00a0ley proh\u00edbe\u00a0entregar el\u00a0pasaporte\u00a0a\u00a0pr\u00f3fugos\u00a0de la\u00a0justicia\u00a0y que \u00e9l tiene orden de\u00a0prisi\u00f3n preventiva. Tras esta respuesta, [&hellip;]<\/p>\n","protected":false},"author":1,"featured_media":7050,"comment_status":"open","ping_status":"open","sticky":false,"template":"","format":"standard","meta":{"footnotes":""},"categories":[12],"tags":[],"_links":{"self":[{"href":"https:\/\/infozamoraec.com\/index.php\/wp-json\/wp\/v2\/posts\/7049"}],"collection":[{"href":"https:\/\/infozamoraec.com\/index.php\/wp-json\/wp\/v2\/posts"}],"about":[{"href":"https:\/\/infozamoraec.com\/index.php\/wp-json\/wp\/v2\/types\/post"}],"author":[{"embeddable":true,"href":"https:\/\/infozamoraec.com\/index.php\/wp-json\/wp\/v2\/users\/1"}],"replies":[{"embeddable":true,"href":"https:\/\/infozamoraec.com\/index.php\/wp-json\/wp\/v2\/comments?post=7049"}],"version-history":[{"count":1,"href":"https:\/\/infozamoraec.com\/index.php\/wp-json\/wp\/v2\/posts\/7049\/revisions"}],"predecessor-version":[{"id":7051,"href":"https:\/\/infozamoraec.com\/index.php\/wp-json\/wp\/v2\/posts\/7049\/revisions\/7051"}],"wp:featuredmedia":[{"embeddable":true,"href":"https:\/\/infozamoraec.com\/index.php\/wp-json\/wp\/v2\/media\/7050"}],"wp:attachment":[{"href":"https:\/\/infozamoraec.com\/index.php\/wp-json\/wp\/v2\/media?parent=7049"}],"wp:term":[{"taxonomy":"category","embeddable":true,"href":"https:\/\/infozamoraec.com\/index.php\/wp-json\/wp\/v2\/categories?post=7049"},{"taxonomy":"post_tag","embeddable":true,"href":"https:\/\/infozamoraec.com\/index.php\/wp-json\/wp\/v2\/tags?post=7049"}],"curies":[{"name":"wp","href":"https:\/\/api.w.org\/{rel}","templated":true}]}}