{"id":7046,"date":"2024-10-12T01:57:29","date_gmt":"2024-10-12T01:57:29","guid":{"rendered":"https:\/\/infozamoraec.com\/?p=7046"},"modified":"2024-10-12T01:57:29","modified_gmt":"2024-10-12T01:57:29","slug":"alemania-ha-dado-a-ecuador-100-millones-de-euros-para-distintas-iniciativas","status":"publish","type":"post","link":"https:\/\/infozamoraec.com\/index.php\/2024\/10\/12\/alemania-ha-dado-a-ecuador-100-millones-de-euros-para-distintas-iniciativas\/","title":{"rendered":"Alemania ha dado a Ecuador 100 millones de euros para distintas iniciativas"},"content":{"rendered":"<p>Este importante encuentro bilateral entre ambos gobiernos el de Alemania y de Estados Unidos, ha erigido en un hito al haberse asignado m\u00e1s de 100 millones de euros para diferentes programas y proyectos en nuestro pa\u00eds en \u00e1reas como ambiente, movilidad humana, seguridad ciudadana y ciudades resilientes, entre otros.<\/p>\n<p>Ante esto, el gobierno alem\u00e1n prev\u00e9 incluso otorgar m\u00e1s ayuda para Ecuador en distintos sectores. Entre ellos en migraci\u00f3n y movilidad humana.<\/p>\n<p>Delegados del Ministerio de Ambiente, Agua y Transici\u00f3n Ecol\u00f3gica; Ministerio de Desarrollo Urbano y Vivienda; Ministerio de la Mujer y Derechos Humanos; Ministerio de Agricultura y Ganader\u00eda y la Presidencia de la Rep\u00fablica expusieron los temas prioritarios a fin de que estos puedan implementarse a trav\u00e9s de la alianza con la cooperaci\u00f3n alemana.<\/p>\n<p>Ante esto, Alemania apoyar\u00e1 adem\u00e1s en la creaci\u00f3n del Viceministerio de Cooperaci\u00f3n Internacional a trav\u00e9s del fortalecimiento de sistemas, digitalizaci\u00f3n de procesos y capacitaci\u00f3n t\u00e9cnica al personal<\/p>\n","protected":false},"excerpt":{"rendered":"<p>Este importante encuentro bilateral entre ambos gobiernos el de Alemania y de Estados Unidos, ha erigido en un hito al haberse asignado m\u00e1s de 100 millones de euros para diferentes programas y proyectos en nuestro pa\u00eds en \u00e1reas como ambiente, movilidad humana, seguridad ciudadana y ciudades resilientes, entre otros. Ante esto, el gobierno alem\u00e1n prev\u00e9 [&hellip;]<\/p>\n","protected":false},"author":1,"featured_media":7047,"comment_status":"open","ping_status":"open","sticky":false,"template":"","format":"standard","meta":{"footnotes":""},"categories":[12],"tags":[],"_links":{"self":[{"href":"https:\/\/infozamoraec.com\/index.php\/wp-json\/wp\/v2\/posts\/7046"}],"collection":[{"href":"https:\/\/infozamoraec.com\/index.php\/wp-json\/wp\/v2\/posts"}],"about":[{"href":"https:\/\/infozamoraec.com\/index.php\/wp-json\/wp\/v2\/types\/post"}],"author":[{"embeddable":true,"href":"https:\/\/infozamoraec.com\/index.php\/wp-json\/wp\/v2\/users\/1"}],"replies":[{"embeddable":true,"href":"https:\/\/infozamoraec.com\/index.php\/wp-json\/wp\/v2\/comments?post=7046"}],"version-history":[{"count":1,"href":"https:\/\/infozamoraec.com\/index.php\/wp-json\/wp\/v2\/posts\/7046\/revisions"}],"predecessor-version":[{"id":7048,"href":"https:\/\/infozamoraec.com\/index.php\/wp-json\/wp\/v2\/posts\/7046\/revisions\/7048"}],"wp:featuredmedia":[{"embeddable":true,"href":"https:\/\/infozamoraec.com\/index.php\/wp-json\/wp\/v2\/media\/7047"}],"wp:attachment":[{"href":"https:\/\/infozamoraec.com\/index.php\/wp-json\/wp\/v2\/media?parent=7046"}],"wp:term":[{"taxonomy":"category","embeddable":true,"href":"https:\/\/infozamoraec.com\/index.php\/wp-json\/wp\/v2\/categories?post=7046"},{"taxonomy":"post_tag","embeddable":true,"href":"https:\/\/infozamoraec.com\/index.php\/wp-json\/wp\/v2\/tags?post=7046"}],"curies":[{"name":"wp","href":"https:\/\/api.w.org\/{rel}","templated":true}]}}