{"id":6941,"date":"2024-10-07T02:53:37","date_gmt":"2024-10-07T02:53:37","guid":{"rendered":"https:\/\/infozamoraec.com\/?p=6941"},"modified":"2024-10-07T02:53:37","modified_gmt":"2024-10-07T02:53:37","slug":"union-europea-condena-la-masacre-en-pont-sonde-de-haiti","status":"publish","type":"post","link":"https:\/\/infozamoraec.com\/index.php\/2024\/10\/07\/union-europea-condena-la-masacre-en-pont-sonde-de-haiti\/","title":{"rendered":"Uni\u00f3n Europea condena la masacre en Pont Sond\u00e9 de Hait\u00ed"},"content":{"rendered":"<p>La\u00a0<a class=\"internal-link\" href=\"https:\/\/www.dw.com\/es\/uni%C3%B3n-europea\/t-17410587\" target=\"_blank\" rel=\"noopener\">Uni\u00f3n Europea<\/a>\u00a0(UE) conden\u00f3 este s\u00e1bado (05.10.2024) \u00abla horrible masacre\u00bb de Pont Sond\u00e9, en\u00a0<a class=\"internal-link\" href=\"https:\/\/www.dw.com\/es\/hait%C3%AD\/t-17412519\" target=\"_blank\" rel=\"noopener\">Hait\u00ed<\/a>, perpetrada por la banda del\u00a0<em>Gran Grif &#8211;<\/em><a class=\"internal-link\" href=\"https:\/\/www.dw.com\/es\/masacre-en-hait%C3%AD-pandilleros-atacan-barrio-y-dejan-al-menos-70-muertos\/a-70410923\" target=\"_blank\" rel=\"noopener\">que dej\u00f3 m\u00e1s de 70 muertes<\/a>&#8211; y se\u00f1al\u00f3 que \u00abseguir\u00e1 utilizando todas las herramientas, incluidas sanciones espec\u00edficas contra las personas y entidades responsables\u00bb.<\/p>\n<p>\u00abEsta \u00faltima atrocidad subraya la urgente necesidad de que se despliegue plenamente la Misi\u00f3n Multinacional de Apoyo a la Seguridad (MSSM) para ayudar a la Polic\u00eda Nacional de Hait\u00ed a combatir la violencia de las bandas y restablecer el Estado de derecho\u00bb, dijo Peter Stano, portavoz del Servicio Europeo de Acci\u00f3n Exterior (SEAE), que dirige el jefe de la diplomacia europea,\u00a0<a class=\"internal-link\" href=\"https:\/\/www.dw.com\/es\/borrell-josep\/t-44115654\" target=\"_blank\" rel=\"noopener\">Josep Borrell<\/a>.<\/p>\n<p>\u00abLa Uni\u00f3n Europea seguir\u00e1 desempe\u00f1ando su papel, junto con sus socios regionales, para ayudar a Hait\u00ed a enfrentar su grave crisis humanitaria y avanzar por un camino sostenible hacia la seguridad y la estabilizaci\u00f3n\u00bb, a\u00f1adi\u00f3.<\/p>\n<p>La masacre perpetrada la madrugada del 4 de octubre por el grupo armado\u00a0<em>Gran Grif<\/em>\u00a0en Pont Sond\u00e9, a unos 100 kil\u00f3metros de Puerto Pr\u00edncipe, dej\u00f3 m\u00e1s de 70 personas muertas, entre ellas mujeres, poblaci\u00f3n infantil y personas adulto-mayores. \u00abSigue siendo crucial desarrollar soluciones a largo plazo que integren el nexo humanitario, de desarrollo y de paz para apoyar al pueblo haitiano\u00bb, concluy\u00f3 el portavoz.<\/p>\n<p>ama (efe, ue)<\/p>\n","protected":false},"excerpt":{"rendered":"<p>La\u00a0Uni\u00f3n Europea\u00a0(UE) conden\u00f3 este s\u00e1bado (05.10.2024) \u00abla horrible masacre\u00bb de Pont Sond\u00e9, en\u00a0Hait\u00ed, perpetrada por la banda del\u00a0Gran Grif &#8211;que dej\u00f3 m\u00e1s de 70 muertes&#8211; y se\u00f1al\u00f3 que \u00abseguir\u00e1 utilizando todas las herramientas, incluidas sanciones espec\u00edficas contra las personas y entidades responsables\u00bb. \u00abEsta \u00faltima atrocidad subraya la urgente necesidad de que se despliegue plenamente la [&hellip;]<\/p>\n","protected":false},"author":1,"featured_media":6942,"comment_status":"open","ping_status":"open","sticky":false,"template":"","format":"standard","meta":{"footnotes":""},"categories":[8],"tags":[],"_links":{"self":[{"href":"https:\/\/infozamoraec.com\/index.php\/wp-json\/wp\/v2\/posts\/6941"}],"collection":[{"href":"https:\/\/infozamoraec.com\/index.php\/wp-json\/wp\/v2\/posts"}],"about":[{"href":"https:\/\/infozamoraec.com\/index.php\/wp-json\/wp\/v2\/types\/post"}],"author":[{"embeddable":true,"href":"https:\/\/infozamoraec.com\/index.php\/wp-json\/wp\/v2\/users\/1"}],"replies":[{"embeddable":true,"href":"https:\/\/infozamoraec.com\/index.php\/wp-json\/wp\/v2\/comments?post=6941"}],"version-history":[{"count":1,"href":"https:\/\/infozamoraec.com\/index.php\/wp-json\/wp\/v2\/posts\/6941\/revisions"}],"predecessor-version":[{"id":6943,"href":"https:\/\/infozamoraec.com\/index.php\/wp-json\/wp\/v2\/posts\/6941\/revisions\/6943"}],"wp:featuredmedia":[{"embeddable":true,"href":"https:\/\/infozamoraec.com\/index.php\/wp-json\/wp\/v2\/media\/6942"}],"wp:attachment":[{"href":"https:\/\/infozamoraec.com\/index.php\/wp-json\/wp\/v2\/media?parent=6941"}],"wp:term":[{"taxonomy":"category","embeddable":true,"href":"https:\/\/infozamoraec.com\/index.php\/wp-json\/wp\/v2\/categories?post=6941"},{"taxonomy":"post_tag","embeddable":true,"href":"https:\/\/infozamoraec.com\/index.php\/wp-json\/wp\/v2\/tags?post=6941"}],"curies":[{"name":"wp","href":"https:\/\/api.w.org\/{rel}","templated":true}]}}