{"id":6893,"date":"2024-10-04T02:02:07","date_gmt":"2024-10-04T02:02:07","guid":{"rendered":"https:\/\/infozamoraec.com\/?p=6893"},"modified":"2024-10-04T02:02:07","modified_gmt":"2024-10-04T02:02:07","slug":"contrato-de-segunda-barcaza-registra-un-atraso-segun-el-ministerio-de-energia","status":"publish","type":"post","link":"https:\/\/infozamoraec.com\/index.php\/2024\/10\/04\/contrato-de-segunda-barcaza-registra-un-atraso-segun-el-ministerio-de-energia\/","title":{"rendered":"Contrato de segunda barcaza registra un atraso, seg\u00fan el Ministerio de Energ\u00eda"},"content":{"rendered":"<p>Para fines de este mes estaba prevista la llegada de otra barcaza t\u00e9rmica de 240 megavatios (MW); sin embargo, registra un atraso porque, seg\u00fan el ministro de Energ\u00eda y Minas, Antonio Goncalves, se est\u00e1n realizando las revisiones respectivas.<\/p>\n<p>El pasado 17 de septiembre fue ingresada la licitaci\u00f3n de la segunda barcaza en el Servicio Nacional de Contrataci\u00f3n P\u00fablica (Sercop). El precio referencial para este barco de generaci\u00f3n flotante con capacidad de 200 MW a 240 MW asciende a m\u00e1s de $ 316 millones, de acuerdo con datos del Sercop.<\/p>\n<p>El ministro indic\u00f3 que estos procesos se deben tomar \u201ccon mucha responsabilidad\u201d y hay que analizar toda la informaci\u00f3n que ha sido provista en la aplicaci\u00f3n. \u201cMuchas veces hay mucho optimismo por parte del postulante o nosotros tenemos que chequear que efectivamente esos equipos sean los que se han presentado, estar seguros. Entonces, s\u00ed, es verdad que estamos teniendo esa validaci\u00f3n&#8230; Tenemos un peque\u00f1o atraso para la barcaza en este mes\u201d, dijo Goncalves este jueves, 3 de octubre, en\u00a0<em>Radio City.<\/em><\/p>\n<p>Esta barcaza ser\u00eda la segunda que contrata el Gobierno, la primera fue la de la empresa turca Karpowership para generar 100 MW por alrededor de $ 115 millones. El pasado 16 de septiembre empez\u00f3 la operaci\u00f3n comercial tras realizar las pruebas respectivas.<\/p>\n<p>En un inicio estaba previsto que la barcaza se posicione en Las Esclusas; sin embargo, debido a problemas con las \u201ccorrientes laterales inusuales\u201d tuvo que cambiar de lugar y actualmente se encuentra en el muelle que fue de Ecuagran, en el sur de Guayaquil.<\/p>\n<p>El contrato entre Karpowership y la Corporaci\u00f3n El\u00e9ctrica del Ecuador (Celec) fue firmado el 1 de agosto y tiene una vigencia de 18 meses.<\/p>\n","protected":false},"excerpt":{"rendered":"<p>Para fines de este mes estaba prevista la llegada de otra barcaza t\u00e9rmica de 240 megavatios (MW); sin embargo, registra un atraso porque, seg\u00fan el ministro de Energ\u00eda y Minas, Antonio Goncalves, se est\u00e1n realizando las revisiones respectivas. El pasado 17 de septiembre fue ingresada la licitaci\u00f3n de la segunda barcaza en el Servicio Nacional [&hellip;]<\/p>\n","protected":false},"author":1,"featured_media":6894,"comment_status":"open","ping_status":"open","sticky":false,"template":"","format":"standard","meta":{"footnotes":""},"categories":[12],"tags":[],"_links":{"self":[{"href":"https:\/\/infozamoraec.com\/index.php\/wp-json\/wp\/v2\/posts\/6893"}],"collection":[{"href":"https:\/\/infozamoraec.com\/index.php\/wp-json\/wp\/v2\/posts"}],"about":[{"href":"https:\/\/infozamoraec.com\/index.php\/wp-json\/wp\/v2\/types\/post"}],"author":[{"embeddable":true,"href":"https:\/\/infozamoraec.com\/index.php\/wp-json\/wp\/v2\/users\/1"}],"replies":[{"embeddable":true,"href":"https:\/\/infozamoraec.com\/index.php\/wp-json\/wp\/v2\/comments?post=6893"}],"version-history":[{"count":1,"href":"https:\/\/infozamoraec.com\/index.php\/wp-json\/wp\/v2\/posts\/6893\/revisions"}],"predecessor-version":[{"id":6895,"href":"https:\/\/infozamoraec.com\/index.php\/wp-json\/wp\/v2\/posts\/6893\/revisions\/6895"}],"wp:featuredmedia":[{"embeddable":true,"href":"https:\/\/infozamoraec.com\/index.php\/wp-json\/wp\/v2\/media\/6894"}],"wp:attachment":[{"href":"https:\/\/infozamoraec.com\/index.php\/wp-json\/wp\/v2\/media?parent=6893"}],"wp:term":[{"taxonomy":"category","embeddable":true,"href":"https:\/\/infozamoraec.com\/index.php\/wp-json\/wp\/v2\/categories?post=6893"},{"taxonomy":"post_tag","embeddable":true,"href":"https:\/\/infozamoraec.com\/index.php\/wp-json\/wp\/v2\/tags?post=6893"}],"curies":[{"name":"wp","href":"https:\/\/api.w.org\/{rel}","templated":true}]}}