{"id":6873,"date":"2024-10-04T01:26:16","date_gmt":"2024-10-04T01:26:16","guid":{"rendered":"https:\/\/infozamoraec.com\/?p=6873"},"modified":"2024-10-04T01:26:16","modified_gmt":"2024-10-04T01:26:16","slug":"se-realizo-la-conformacion-del-consejo-de-seguridad-para-la-provincia-de-zamora-chinchipe","status":"publish","type":"post","link":"https:\/\/infozamoraec.com\/index.php\/2024\/10\/04\/se-realizo-la-conformacion-del-consejo-de-seguridad-para-la-provincia-de-zamora-chinchipe\/","title":{"rendered":"Se realiz\u00f3 la conformaci\u00f3n del Consejo de Seguridad para la provincia de Zamora Chinchipe"},"content":{"rendered":"<p>En el auditorio de la Gobernaci\u00f3n, se llev\u00f3 a cabo la firma del acta constitutiva y la socializaci\u00f3n del reglamento para la estructuraci\u00f3n y activaci\u00f3n de los Consejos de Seguridad Provinciales, emitido por la Ministra del Interior.<\/p>\n<p>El Consejo de Seguridad Provincial de Zamora Chinchipe est\u00e1 conformado por nueve miembros:<br \/>\n&#8211; Mgs. Francisco Mes\u00edas, Gobernador de Zamora Chinchipe, en calidad de presidente.<br \/>\n&#8211; Ing. Karla Re\u00e1tegui, representante del Gobierno Aut\u00f3nomo Descentralizado Provincial, como vicepresidenta.<br \/>\n&#8211; Dra. Alexandra Men\u00e9ndez, del ente rector de la Seguridad Ciudadana, Protecci\u00f3n Interna y Orden P\u00fablico, quien act\u00faa como secretaria.<br \/>\n&#8211; Crnl. Edgardo Moreno, Comandante de la Subzona Zamora Chinchipe Nro. 19 de la Polic\u00eda Nacional del Ecuador.<br \/>\n&#8211; Crnl. Edison M\u00e9ndez, Comandante del Batall\u00f3n de Selva N\u00b0 62 Zamora.<br \/>\n&#8211; Adali Jaramillo, Coordinador Zonal de la Secretar\u00eda de Gesti\u00f3n de Riesgos.<br \/>\n&#8211; Dr. Eduardo Moreno, Director Provincial de la Fiscal\u00eda General del Estado.<br \/>\n&#8211; C\u00e9sar Neira, Coordinador Zonal del Servicio Integrado de Seguridad ECU911.<br \/>\n&#8211; Dra. Vilma Armijos, Directora Provincial del Consejo de la Judicatura.<\/p>\n<p>La conformaci\u00f3n del Consejo representa un avance hacia la consolidaci\u00f3n de los Consejos de Seguridad Provincial, con representantes clave de diversas instituciones que buscan coordinar respuestas ante los desaf\u00edos en materia de seguridad ciudadana.<\/p>\n<p>&nbsp;<\/p>\n","protected":false},"excerpt":{"rendered":"<p>En el auditorio de la Gobernaci\u00f3n, se llev\u00f3 a cabo la firma del acta constitutiva y la socializaci\u00f3n del reglamento para la estructuraci\u00f3n y activaci\u00f3n de los Consejos de Seguridad Provinciales, emitido por la Ministra del Interior. El Consejo de Seguridad Provincial de Zamora Chinchipe est\u00e1 conformado por nueve miembros: &#8211; Mgs. Francisco Mes\u00edas, Gobernador [&hellip;]<\/p>\n","protected":false},"author":1,"featured_media":6874,"comment_status":"open","ping_status":"open","sticky":false,"template":"","format":"standard","meta":{"footnotes":""},"categories":[9],"tags":[],"_links":{"self":[{"href":"https:\/\/infozamoraec.com\/index.php\/wp-json\/wp\/v2\/posts\/6873"}],"collection":[{"href":"https:\/\/infozamoraec.com\/index.php\/wp-json\/wp\/v2\/posts"}],"about":[{"href":"https:\/\/infozamoraec.com\/index.php\/wp-json\/wp\/v2\/types\/post"}],"author":[{"embeddable":true,"href":"https:\/\/infozamoraec.com\/index.php\/wp-json\/wp\/v2\/users\/1"}],"replies":[{"embeddable":true,"href":"https:\/\/infozamoraec.com\/index.php\/wp-json\/wp\/v2\/comments?post=6873"}],"version-history":[{"count":1,"href":"https:\/\/infozamoraec.com\/index.php\/wp-json\/wp\/v2\/posts\/6873\/revisions"}],"predecessor-version":[{"id":6875,"href":"https:\/\/infozamoraec.com\/index.php\/wp-json\/wp\/v2\/posts\/6873\/revisions\/6875"}],"wp:featuredmedia":[{"embeddable":true,"href":"https:\/\/infozamoraec.com\/index.php\/wp-json\/wp\/v2\/media\/6874"}],"wp:attachment":[{"href":"https:\/\/infozamoraec.com\/index.php\/wp-json\/wp\/v2\/media?parent=6873"}],"wp:term":[{"taxonomy":"category","embeddable":true,"href":"https:\/\/infozamoraec.com\/index.php\/wp-json\/wp\/v2\/categories?post=6873"},{"taxonomy":"post_tag","embeddable":true,"href":"https:\/\/infozamoraec.com\/index.php\/wp-json\/wp\/v2\/tags?post=6873"}],"curies":[{"name":"wp","href":"https:\/\/api.w.org\/{rel}","templated":true}]}}