{"id":6862,"date":"2024-10-03T02:08:58","date_gmt":"2024-10-03T02:08:58","guid":{"rendered":"https:\/\/infozamoraec.com\/?p=6862"},"modified":"2024-10-03T02:08:58","modified_gmt":"2024-10-03T02:08:58","slug":"paola-cabezas-es-denunciada-en-el-tce-por-supuesta-campana-electoral-anticipada","status":"publish","type":"post","link":"https:\/\/infozamoraec.com\/index.php\/2024\/10\/03\/paola-cabezas-es-denunciada-en-el-tce-por-supuesta-campana-electoral-anticipada\/","title":{"rendered":"Paola Cabezas es denunciada en el TCE por supuesta campa\u00f1a electoral anticipada"},"content":{"rendered":"<p>La asamble\u00edsta del corre\u00edsmo,\u00a0<a href=\"https:\/\/www.ecuavisa.com\/metadatos\/-\/meta\/paola-cabezas\" target=\"_blank\" rel=\"noopener noreferrer nofollow\">Paola Cabezas<\/a>, fue denunciada ante el Tribunal Contencioso Electoral\u00a0<a href=\"https:\/\/www.ecuavisa.com\/metadatos\/-\/meta\/tce\" target=\"_blank\" rel=\"noopener noreferrer nofollow\">(TCE)<\/a>\u00a0por supuestamente haber realizado\u00a0<strong>campa\u00f1a anticipada<\/strong>, lo que es sancionado por el C\u00f3digo de la Democracia como una infracci\u00f3n electoral grave.<\/p>\n<p>La denuncia ya fue admitida a tr\u00e1mite el 1 de octubre de 2024 y la causa ser\u00e1 tramitada por el\u00a0<strong>juez electoral Joaqu\u00edn Viteri<\/strong>.<\/p>\n<p><strong>En el auto de admisi\u00f3n se se\u00f1ala que \u00abla denunciada realiz\u00f3 diversos actos de campa\u00f1a previo al periodo de campa\u00f1a electoral asignado por el CNE, induciendo categ\u00f3ricamente al electorado a votar por ella como candidata a la Asamblea Nacional\u00bb.<\/strong><\/p>\n<p>Los<strong>\u00a0denunciantes son:<\/strong>\u00a0Gina Elizabeth L\u00f3pez Mena, Ida Victoria P\u00e1ez Cortez, Vajaira Cecilia V\u00e1squez D\u00e1valos, Miryam Guadalupe Morales Manid, Gil Fabi\u00e1n Alem\u00e1n Hern\u00e1ndez, y, Abraham Homero Heredia Olmedo.<\/p>\n<p>El\u00a0<strong>C\u00f3digo de la Democracia<\/strong>\u00a0en su art\u00edculo 278 sanciona las infracciones electorales graves con multas desde 11 salarios b\u00e1sicos unificados hasta 20 salarios b\u00e1sicos unificados, destituci\u00f3n y\/o suspensi\u00f3n de derechos de participaci\u00f3n desde seis meses hasta dos a\u00f1os.<\/p>\n","protected":false},"excerpt":{"rendered":"<p>La asamble\u00edsta del corre\u00edsmo,\u00a0Paola Cabezas, fue denunciada ante el Tribunal Contencioso Electoral\u00a0(TCE)\u00a0por supuestamente haber realizado\u00a0campa\u00f1a anticipada, lo que es sancionado por el C\u00f3digo de la Democracia como una infracci\u00f3n electoral grave. La denuncia ya fue admitida a tr\u00e1mite el 1 de octubre de 2024 y la causa ser\u00e1 tramitada por el\u00a0juez electoral Joaqu\u00edn Viteri. En [&hellip;]<\/p>\n","protected":false},"author":1,"featured_media":6866,"comment_status":"open","ping_status":"open","sticky":false,"template":"","format":"standard","meta":{"footnotes":""},"categories":[12],"tags":[],"_links":{"self":[{"href":"https:\/\/infozamoraec.com\/index.php\/wp-json\/wp\/v2\/posts\/6862"}],"collection":[{"href":"https:\/\/infozamoraec.com\/index.php\/wp-json\/wp\/v2\/posts"}],"about":[{"href":"https:\/\/infozamoraec.com\/index.php\/wp-json\/wp\/v2\/types\/post"}],"author":[{"embeddable":true,"href":"https:\/\/infozamoraec.com\/index.php\/wp-json\/wp\/v2\/users\/1"}],"replies":[{"embeddable":true,"href":"https:\/\/infozamoraec.com\/index.php\/wp-json\/wp\/v2\/comments?post=6862"}],"version-history":[{"count":1,"href":"https:\/\/infozamoraec.com\/index.php\/wp-json\/wp\/v2\/posts\/6862\/revisions"}],"predecessor-version":[{"id":6867,"href":"https:\/\/infozamoraec.com\/index.php\/wp-json\/wp\/v2\/posts\/6862\/revisions\/6867"}],"wp:featuredmedia":[{"embeddable":true,"href":"https:\/\/infozamoraec.com\/index.php\/wp-json\/wp\/v2\/media\/6866"}],"wp:attachment":[{"href":"https:\/\/infozamoraec.com\/index.php\/wp-json\/wp\/v2\/media?parent=6862"}],"wp:term":[{"taxonomy":"category","embeddable":true,"href":"https:\/\/infozamoraec.com\/index.php\/wp-json\/wp\/v2\/categories?post=6862"},{"taxonomy":"post_tag","embeddable":true,"href":"https:\/\/infozamoraec.com\/index.php\/wp-json\/wp\/v2\/tags?post=6862"}],"curies":[{"name":"wp","href":"https:\/\/api.w.org\/{rel}","templated":true}]}}