{"id":6805,"date":"2024-10-01T23:45:03","date_gmt":"2024-10-01T23:45:03","guid":{"rendered":"https:\/\/infozamoraec.com\/?p=6805"},"modified":"2024-10-01T23:45:03","modified_gmt":"2024-10-01T23:45:03","slug":"mies-concreto-la-inclusion-laboral-de-dos-usuarios-de-centro-de-referencia-y-acogida","status":"publish","type":"post","link":"https:\/\/infozamoraec.com\/index.php\/2024\/10\/01\/mies-concreto-la-inclusion-laboral-de-dos-usuarios-de-centro-de-referencia-y-acogida\/","title":{"rendered":"MIES concret\u00f3 la inclusi\u00f3n laboral de dos usuarios de Centro de Referencia y Acogida"},"content":{"rendered":"<p>El Ministerio de Inclusi\u00f3n Econ\u00f3mica y Social (MIES) concret\u00f3 la inclusi\u00f3n laboral de dos usuarios del Centro de Referencia y Acogida Inclusivo (CRAI) \u201cMonse\u00f1or Jorge Mosquera Barreiro\u201d en Zamora. Patricia y Marlene, ambos con discapacidad intelectual, ingresaron al centro hace varios a\u00f1os.<\/p>\n<p>Mar\u00eda Jos\u00e9 Espinosa, coordinadora del MIES en la Zona 7, indic\u00f3 que uno de los objetivos del CRAI es promover la inclusi\u00f3n laboral de personas con discapacidad para fomentar su autonom\u00eda e independencia financiera. La coordinadora destac\u00f3 el apoyo de la empresa privada en este proceso y la capacitaci\u00f3n continua que reciben los usuarios.<\/p>\n<p>Patricia, con un 65% de discapacidad intelectual, trabaja como ayudante de belleza desde el 1 de julio de este a\u00f1o, realizando tareas de manicure, pedicure y peinados. Su objetivo es ahorrar para establecer su propio gabinete de belleza.<\/p>\n<p>Manuel, quien tiene un 46% de discapacidad intelectual, tambi\u00e9n comenz\u00f3 a trabajar el 1 de julio en un hotel de Zamora. Sus responsabilidades incluyen el arreglo de habitaciones y atenci\u00f3n en recepci\u00f3n y cafeter\u00eda. Antes de su empleo actual, complet\u00f3 pr\u00e1cticas pre-profesionales tras finalizar sus estudios especializados.<\/p>\n<p>Ambos usuarios reciben seguimiento semanal por parte de la terapista ocupacional del CRAI para evaluar su progreso laboral. En Zamora Chinchipe, el MIES atiende a 648 personas con discapacidad a trav\u00e9s de 22 unidades de servicio, con una inversi\u00f3n aproximada de USD 340.000.<\/p>\n<p>&nbsp;<\/p>\n","protected":false},"excerpt":{"rendered":"<p>El Ministerio de Inclusi\u00f3n Econ\u00f3mica y Social (MIES) concret\u00f3 la inclusi\u00f3n laboral de dos usuarios del Centro de Referencia y Acogida Inclusivo (CRAI) \u201cMonse\u00f1or Jorge Mosquera Barreiro\u201d en Zamora. Patricia y Marlene, ambos con discapacidad intelectual, ingresaron al centro hace varios a\u00f1os. Mar\u00eda Jos\u00e9 Espinosa, coordinadora del MIES en la Zona 7, indic\u00f3 que uno [&hellip;]<\/p>\n","protected":false},"author":1,"featured_media":6806,"comment_status":"open","ping_status":"open","sticky":false,"template":"","format":"standard","meta":{"footnotes":""},"categories":[9],"tags":[],"_links":{"self":[{"href":"https:\/\/infozamoraec.com\/index.php\/wp-json\/wp\/v2\/posts\/6805"}],"collection":[{"href":"https:\/\/infozamoraec.com\/index.php\/wp-json\/wp\/v2\/posts"}],"about":[{"href":"https:\/\/infozamoraec.com\/index.php\/wp-json\/wp\/v2\/types\/post"}],"author":[{"embeddable":true,"href":"https:\/\/infozamoraec.com\/index.php\/wp-json\/wp\/v2\/users\/1"}],"replies":[{"embeddable":true,"href":"https:\/\/infozamoraec.com\/index.php\/wp-json\/wp\/v2\/comments?post=6805"}],"version-history":[{"count":1,"href":"https:\/\/infozamoraec.com\/index.php\/wp-json\/wp\/v2\/posts\/6805\/revisions"}],"predecessor-version":[{"id":6807,"href":"https:\/\/infozamoraec.com\/index.php\/wp-json\/wp\/v2\/posts\/6805\/revisions\/6807"}],"wp:featuredmedia":[{"embeddable":true,"href":"https:\/\/infozamoraec.com\/index.php\/wp-json\/wp\/v2\/media\/6806"}],"wp:attachment":[{"href":"https:\/\/infozamoraec.com\/index.php\/wp-json\/wp\/v2\/media?parent=6805"}],"wp:term":[{"taxonomy":"category","embeddable":true,"href":"https:\/\/infozamoraec.com\/index.php\/wp-json\/wp\/v2\/categories?post=6805"},{"taxonomy":"post_tag","embeddable":true,"href":"https:\/\/infozamoraec.com\/index.php\/wp-json\/wp\/v2\/tags?post=6805"}],"curies":[{"name":"wp","href":"https:\/\/api.w.org\/{rel}","templated":true}]}}