{"id":6712,"date":"2024-09-27T03:17:46","date_gmt":"2024-09-27T03:17:46","guid":{"rendered":"https:\/\/infozamoraec.com\/?p=6712"},"modified":"2024-09-27T03:28:38","modified_gmt":"2024-09-27T03:28:38","slug":"ecuador-gestiona-cooperacion-internacional-para-fortalecer-la-respuesta-a-los-incendios","status":"publish","type":"post","link":"https:\/\/infozamoraec.com\/index.php\/2024\/09\/27\/ecuador-gestiona-cooperacion-internacional-para-fortalecer-la-respuesta-a-los-incendios\/","title":{"rendered":"Ecuador gestiona cooperaci\u00f3n internacional para fortalecer la respuesta a los incendios"},"content":{"rendered":"<p>El Gobierno de\u00a0<strong><a title=\"\" href=\"https:\/\/www.larepublica.ec\/blog\/2024\/09\/26\/44-personas-han-recibido-atencion-medica-por-los-incendios-en-quito\/\" target=\"_blank\" rel=\"noopener\">Ecuador<\/a>\u00a0<\/strong>anunci\u00f3 este mi\u00e9rcoles que gestiona cooperaci\u00f3n internacional y ayuda humanitaria para fortalecer la respuesta estatal ante la oleada de incendios que han afectado al pa\u00eds en los \u00faltimos meses, en los que se ha acentuado la sequ\u00eda.<\/p>\n<p>As\u00ed lo se\u00f1al\u00f3 el Ministerio de Relaciones Exteriores y Movilidad Humana de Ecuador en un comunicado en el que precis\u00f3 que no ha podido hacer un llamado internacional amplio para solicitar cooperaci\u00f3n, \u00abya que a\u00fan no se ha declarado una emergencia formal por los incendios\u00bb.<\/p>\n<div class=\"google-auto-placed ap_container\">\n<div id=\"aswift_3_host\">La Canciller\u00eda ecuatoriana remarc\u00f3 que, no obstante, \u00abgestiona cooperaci\u00f3n internacional y ayuda humanitaria para fortalecer la respuesta ante los incendios en Quito y el resto del pa\u00eds\u00bb.<\/div>\n<p>Mencion\u00f3, por ejemplo, la entrega de asistencia humanitaria de Estados Unidos a la <strong>Secretar\u00eda Nacional de Gesti\u00f3n de Riesgos (SNGR)<\/strong>\u00a0del Gobierno nacional con equipos especializados en el combate al fuego.<\/p>\n<\/div>\n<p>\u00abLa ayuda incluye brigadas de autonom\u00eda de seis d\u00edas (BRIF), que pueden ser utilizados en dos o tres incendios\u00bb que se distribuir\u00e1n en varias ciudades y provincias le pa\u00eds, a\u00f1adi\u00f3 la fuente.<\/p>\n<div class=\"google-auto-placed ap_container\">\n<p>&nbsp;<\/p>\n<div id=\"aswift_4_host\"><iframe id=\"aswift_4\" tabindex=\"0\" title=\"Advertisement\" src=\"https:\/\/googleads.g.doubleclick.net\/pagead\/ads?gdpr=0&amp;client=ca-pub-3237191818559290&amp;output=html&amp;h=280&amp;adk=1623283582&amp;adf=3413905674&amp;w=678&amp;abgtt=5&amp;fwrn=4&amp;fwrnh=100&amp;lmt=1727406946&amp;num_ads=1&amp;rafmt=1&amp;armr=3&amp;sem=mc&amp;pwprc=3721574015&amp;ad_type=text_image&amp;format=678x280&amp;url=https%3A%2F%2Fwww.larepublica.ec%2Fblog%2F2024%2F09%2F26%2Fecuador-gestiona-cooperacion-internacional-para-fortalecer-la-respuesta-a-los-incendios%2F&amp;fwr=0&amp;pra=3&amp;rh=170&amp;rw=678&amp;rpe=1&amp;resp_fmts=3&amp;wgl=1&amp;fa=27&amp;uach=WyJXaW5kb3dzIiwiMTAuMC4wIiwieDg2IiwiIiwiMTI5LjAuNjY2OC43MCIsbnVsbCwwLG51bGwsIjY0IixbWyJHb29nbGUgQ2hyb21lIiwiMTI5LjAuNjY2OC43MCJdLFsiTm90PUE_QnJhbmQiLCI4LjAuMC4wIl0sWyJDaHJvbWl1bSIsIjEyOS4wLjY2NjguNzAiXV0sMV0.&amp;dt=1727406944947&amp;bpp=1&amp;bdt=505&amp;idt=1&amp;shv=r20240925&amp;mjsv=m202409230101&amp;ptt=9&amp;saldr=aa&amp;abxe=1&amp;cookie=ID%3D539282476f038de1%3AT%3D1716429171%3ART%3D1727406811%3AS%3DALNI_MY7K_ITIBlNx1Yh26DPffJJMTNJLA&amp;gpic=UID%3D00000a286e613578%3AT%3D1716429171%3ART%3D1727406811%3AS%3DALNI_MaIIe1Ujfgq7ju8hLHDx0WzglMeMw&amp;eo_id_str=ID%3D98652fcdfbf0b394%3AT%3D1716429171%3ART%3D1727406811%3AS%3DAA-AfjbjWvi2gH35C-Bqqw5maWhQ&amp;prev_fmts=678x406%2C1080x280%2C0x0%2C678x280%2C326x250%2C326x250%2C326x250&amp;nras=7&amp;correlator=3139728680465&amp;frm=20&amp;pv=1&amp;u_tz=-300&amp;u_his=14&amp;u_h=768&amp;u_w=1366&amp;u_ah=728&amp;u_aw=1366&amp;u_cd=24&amp;u_sd=1&amp;dmc=8&amp;adx=160&amp;ady=2894&amp;biw=1349&amp;bih=641&amp;scr_x=0&amp;scr_y=337&amp;eid=44759875%2C44759926%2C44759842%2C31087440%2C44795921%2C95342016%2C31087456&amp;oid=2&amp;pvsid=3535071385703758&amp;tmod=1599044199&amp;uas=0&amp;nvt=1&amp;ref=https%3A%2F%2Fwww.larepublica.ec%2F&amp;fc=384&amp;brdim=0%2C0%2C0%2C0%2C1366%2C0%2C1366%2C728%2C1366%2C641&amp;vis=1&amp;rsz=%7C%7Cs%7C&amp;abl=NS&amp;fu=128&amp;bc=31&amp;bz=1&amp;td=1&amp;tdf=2&amp;psd=W251bGwsbnVsbCxudWxsLDNd&amp;nt=1&amp;ifi=5&amp;uci=a!5&amp;btvi=6&amp;fsb=1&amp;dtd=1290\" name=\"aswift_4\" width=\"678\" height=\"0\" frameborder=\"0\" marginwidth=\"0\" marginheight=\"0\" scrolling=\"no\" sandbox=\"allow-forms allow-popups allow-popups-to-escape-sandbox allow-same-origin allow-scripts allow-top-navigation-by-user-activation\" data-google-container-id=\"a!5\" aria-label=\"Advertisement\" data-google-query-id=\"CI3H-qqU4ogDFZm_0QQdrBoM_g\" data-load-complete=\"true\" data-mce-fragment=\"1\"><\/iframe><\/div>\n<p>&nbsp;<\/p>\n<\/div>\n<p>Adem\u00e1s, se\u00f1al\u00f3 que la cooperaci\u00f3n estadounidense ha entregado paquetes de ayuda a los cuerpos de bomberos de la provincia de\u00a0<strong>Loja<\/strong>, en el sur andino del pa\u00eds y que fue foco de grandes incendios forestales a principios de mes.<\/p>\n<p>Por otra parte, la Canciller\u00eda agradeci\u00f3 a la Embajada de Italia por gestionar el apoyo del sector privado del pa\u00eds para \u00abcontribuir con dos helic\u00f3pteros en la mitigaci\u00f3n de los incendios, uno al servicio del sector privado y otro de los bomberos\u00bb.<\/p>\n<p>El\u00a0<strong>Comit\u00e9 de Operaciones de Emergencia (COE) Nacional<\/strong>\u00a0declar\u00f3 el pasado fin de semana en \u00abalerta roja\u00bb a 19 de las 24 provincias del pa\u00eds, ante la acentuada sequ\u00eda de las \u00faltimas semanas que ha generado la proliferaci\u00f3n de incendios forestales y el impacto en la seguridad alimentaria del pa\u00eds.<\/p>\n<p>El pasado 19 de septiembre la Secretar\u00eda de Riesgos inform\u00f3 de que en un mes se registraron m\u00e1s de 1.300 incendios forestales que hasta entonces hab\u00edan afectado 23.453,48 hect\u00e1reas .<\/p>\n<p>Los incendios han ido acompasados del marcado d\u00e9ficit de lluvias en la actual temporada seca, lo que ha generado, adem\u00e1s, una crisis en el sector energ\u00e9tico debido a la bajada de los caudales que alimentan a las principales centrales hidroel\u00e9ctricas.<\/p>\n<p>Los \u00faltimos incendios importantes se registraron este martes en sectores perif\u00e9ricos de Quito y ti\u00f1eron con una espesa nube de humo el norte de la capital ecuatoriana.<\/p>\n<p>Ante esos incendios, algunos de los cuales contin\u00faan activos, el Municipio de Quito declar\u00f3 este mi\u00e9rcoles a la ciudad en situaci\u00f3n de emergencia.<\/p>\n<div class=\"google-auto-placed ap_container\">\n<p>&nbsp;<\/p>\n<div id=\"aswift_5_host\">El alcalde de Quito, <strong>Pabel Mu\u00f1oz<\/strong>, asegur\u00f3 que esa medida se declar\u00f3 luego de que el martes se registraran 27 quemas en sectores perif\u00e9ricos, y coment\u00f3 que en las acciones de combate al fuego se han desplegado 200 bomberos.<\/div>\n<p>&nbsp;<\/p>\n<\/div>\n<p>Seis viviendas han sido afectadas totalmente por los incendios, 90 personas con cuadros de afectaci\u00f3n an\u00edmica o respiratoria han sido atendidos por las unidades encargadas de ese tipo de asistencias, y se han entregado 300 kits (paquetes) con raciones alimentarias, de hidrataci\u00f3n y cuidado sanitario entre la poblaci\u00f3n afectada por el humo. EFE<strong>\u00a0(I)<\/strong><\/p>\n","protected":false},"excerpt":{"rendered":"<p>El Gobierno de\u00a0Ecuador\u00a0anunci\u00f3 este mi\u00e9rcoles que gestiona cooperaci\u00f3n internacional y ayuda humanitaria para fortalecer la respuesta estatal ante la oleada de incendios que han afectado al pa\u00eds en los \u00faltimos meses, en los que se ha acentuado la sequ\u00eda. As\u00ed lo se\u00f1al\u00f3 el Ministerio de Relaciones Exteriores y Movilidad Humana de Ecuador en un comunicado [&hellip;]<\/p>\n","protected":false},"author":1,"featured_media":6713,"comment_status":"open","ping_status":"open","sticky":false,"template":"","format":"standard","meta":{"footnotes":""},"categories":[12],"tags":[],"_links":{"self":[{"href":"https:\/\/infozamoraec.com\/index.php\/wp-json\/wp\/v2\/posts\/6712"}],"collection":[{"href":"https:\/\/infozamoraec.com\/index.php\/wp-json\/wp\/v2\/posts"}],"about":[{"href":"https:\/\/infozamoraec.com\/index.php\/wp-json\/wp\/v2\/types\/post"}],"author":[{"embeddable":true,"href":"https:\/\/infozamoraec.com\/index.php\/wp-json\/wp\/v2\/users\/1"}],"replies":[{"embeddable":true,"href":"https:\/\/infozamoraec.com\/index.php\/wp-json\/wp\/v2\/comments?post=6712"}],"version-history":[{"count":2,"href":"https:\/\/infozamoraec.com\/index.php\/wp-json\/wp\/v2\/posts\/6712\/revisions"}],"predecessor-version":[{"id":6715,"href":"https:\/\/infozamoraec.com\/index.php\/wp-json\/wp\/v2\/posts\/6712\/revisions\/6715"}],"wp:featuredmedia":[{"embeddable":true,"href":"https:\/\/infozamoraec.com\/index.php\/wp-json\/wp\/v2\/media\/6713"}],"wp:attachment":[{"href":"https:\/\/infozamoraec.com\/index.php\/wp-json\/wp\/v2\/media?parent=6712"}],"wp:term":[{"taxonomy":"category","embeddable":true,"href":"https:\/\/infozamoraec.com\/index.php\/wp-json\/wp\/v2\/categories?post=6712"},{"taxonomy":"post_tag","embeddable":true,"href":"https:\/\/infozamoraec.com\/index.php\/wp-json\/wp\/v2\/tags?post=6712"}],"curies":[{"name":"wp","href":"https:\/\/api.w.org\/{rel}","templated":true}]}}