{"id":6709,"date":"2024-09-27T03:15:35","date_gmt":"2024-09-27T03:15:35","guid":{"rendered":"https:\/\/infozamoraec.com\/?p=6709"},"modified":"2024-09-27T03:15:35","modified_gmt":"2024-09-27T03:15:35","slug":"al-menos-treinta-carros-quemados-en-inmobiliar-por-incendio-en-samanes","status":"publish","type":"post","link":"https:\/\/infozamoraec.com\/index.php\/2024\/09\/27\/al-menos-treinta-carros-quemados-en-inmobiliar-por-incendio-en-samanes\/","title":{"rendered":"Al menos treinta carros quemados en Inmobiliar por incendio en Samanes"},"content":{"rendered":"<p>Un\u00a0<strong><a title=\"incendio forestal\" href=\"https:\/\/www.larepublica.ec\/blog\/2024\/09\/26\/se-reaviva-el-incendio-en-el-cerro-auqui-al-oriente-de-quito\/\" target=\"_blank\" rel=\"noopener\">incendio forestal<\/a><\/strong>\u00a0en el \u00e1rea del\u00a0<strong>Parque Samanes<\/strong>, en Guayaquil, activ\u00f3 las alarmas este jueves 26 de septiembre de 2024. Los bomberos fueron desplegados para contener el fuego, que alcanz\u00f3 varios veh\u00edculos. El\u00a0<strong><a title=\"Cuerpo de Bomberos de Guayaquil\" href=\"https:\/\/x.com\/BomberosGYE\" target=\"_blank\" rel=\"noopener\">Cuerpo de Bomberos de Guayaquil<\/a><\/strong>\u00a0inform\u00f3 que el incendio, de alarma 3, ocurri\u00f3 en la autopista Narcisa de Jes\u00fas, en el sector del Parque Samanes. En el lugar trabajan 11 unidades, una ambulancia y un cami\u00f3n cisterna.<\/p>\n<p>El incendio se ha propagado hasta el parqueadero de la\u00a0<strong>Secretar\u00eda T\u00e9cnica de Inmobiliar<\/strong>\u00a0y al menos 30 carros estacionados en este espacio se han quemado.<\/p>\n<p>La ATM report\u00f3 el cierre de los accesos a la avenida Paseo del Parque debido al incendio y solicit\u00f3 a la ciudadan\u00eda evitar transitar por la zona. Treinta minutos despu\u00e9s, se reabri\u00f3 el paso entre la avenida Narcisa de Jes\u00fas y la avenida Francisco de Orellana. Adem\u00e1s, de manera extraoficial, se inform\u00f3 sobre la evacuaci\u00f3n de estudiantes de una instituci\u00f3n cercana. Hasta las 12:30, no se han reportado heridos.<\/p>\n<p><strong>Im\u00e1genes en redes sociales muestran el impacto del incendio sobre la vegetaci\u00f3n y veh\u00edculos estacionados, con una nube de humo visible desde varias partes de Guayaquil.<\/strong><\/p>\n<p>Esta emergencia ocurre en medio de una severa sequ\u00eda que ha afectado a Ecuador, con 20 provincias en alerta roja y varios incendios forestales reportados a nivel nacional, incluido uno grave en Quito.<\/p>\n","protected":false},"excerpt":{"rendered":"<p>Un\u00a0incendio forestal\u00a0en el \u00e1rea del\u00a0Parque Samanes, en Guayaquil, activ\u00f3 las alarmas este jueves 26 de septiembre de 2024. Los bomberos fueron desplegados para contener el fuego, que alcanz\u00f3 varios veh\u00edculos. El\u00a0Cuerpo de Bomberos de Guayaquil\u00a0inform\u00f3 que el incendio, de alarma 3, ocurri\u00f3 en la autopista Narcisa de Jes\u00fas, en el sector del Parque Samanes. En [&hellip;]<\/p>\n","protected":false},"author":1,"featured_media":6710,"comment_status":"open","ping_status":"open","sticky":false,"template":"","format":"standard","meta":{"footnotes":""},"categories":[12],"tags":[],"_links":{"self":[{"href":"https:\/\/infozamoraec.com\/index.php\/wp-json\/wp\/v2\/posts\/6709"}],"collection":[{"href":"https:\/\/infozamoraec.com\/index.php\/wp-json\/wp\/v2\/posts"}],"about":[{"href":"https:\/\/infozamoraec.com\/index.php\/wp-json\/wp\/v2\/types\/post"}],"author":[{"embeddable":true,"href":"https:\/\/infozamoraec.com\/index.php\/wp-json\/wp\/v2\/users\/1"}],"replies":[{"embeddable":true,"href":"https:\/\/infozamoraec.com\/index.php\/wp-json\/wp\/v2\/comments?post=6709"}],"version-history":[{"count":1,"href":"https:\/\/infozamoraec.com\/index.php\/wp-json\/wp\/v2\/posts\/6709\/revisions"}],"predecessor-version":[{"id":6711,"href":"https:\/\/infozamoraec.com\/index.php\/wp-json\/wp\/v2\/posts\/6709\/revisions\/6711"}],"wp:featuredmedia":[{"embeddable":true,"href":"https:\/\/infozamoraec.com\/index.php\/wp-json\/wp\/v2\/media\/6710"}],"wp:attachment":[{"href":"https:\/\/infozamoraec.com\/index.php\/wp-json\/wp\/v2\/media?parent=6709"}],"wp:term":[{"taxonomy":"category","embeddable":true,"href":"https:\/\/infozamoraec.com\/index.php\/wp-json\/wp\/v2\/categories?post=6709"},{"taxonomy":"post_tag","embeddable":true,"href":"https:\/\/infozamoraec.com\/index.php\/wp-json\/wp\/v2\/tags?post=6709"}],"curies":[{"name":"wp","href":"https:\/\/api.w.org\/{rel}","templated":true}]}}