{"id":6666,"date":"2024-09-25T17:40:42","date_gmt":"2024-09-25T17:40:42","guid":{"rendered":"https:\/\/infozamoraec.com\/?p=6666"},"modified":"2024-09-25T17:40:42","modified_gmt":"2024-09-25T17:40:42","slug":"joven-de-23-anos-aparentemente-se-quito-la-vida-en-zamora","status":"publish","type":"post","link":"https:\/\/infozamoraec.com\/index.php\/2024\/09\/25\/joven-de-23-anos-aparentemente-se-quito-la-vida-en-zamora\/","title":{"rendered":"Joven de 23 a\u00f1os aparentemente se quit\u00f3 la  vida en Zamora"},"content":{"rendered":"<p>La ma\u00f1ana de este 25 de septiembre de 2024, cerca de las 07:30, ciudadanos reportaron\u00a0 \u00a0una alerta sobre un posible suicidio en el barrio Santa Elena,\u00a0 de la ciudad de Zamora, provincia de Zamora Chinchipe. El reporte fue gestionado a trav\u00e9s del ECU-911, en coordinaci\u00f3n con la\u00a0 Polic\u00eda\u00a0 Nacional del Ecuador.<\/p>\n<p>Seg\u00fan el informe\u00a0 policial, al llegar al lugar, los agentes\u00a0 encontraron a Byron Alberto A. N. de 23 a\u00f1os, quien presuntamente se habr\u00eda quitado la\u00a0 vida,\u00a0 \u00a0con una cuerda en una de las habitaciones de su domicilio. La madre del fallecido confirm\u00f3 la identidad de su hijo.<\/p>\n<p>Personal del Ministerio de Salud arrib\u00f3 al sitio en una ambulancia y constat\u00f3 que el joven no presentaba signos vitales. El fiscal de turno orden\u00f3 el levantamiento del cad\u00e1ver y la inspecci\u00f3n ocular por parte del personal de Criminal\u00edstica.<\/p>\n<p>Personal de\u00a0 la Direcci\u00f3n Nacional de Delitos contra la Vida, Muertes Violentas, Desapariciones, Extorsi\u00f3n y Secuestros (DINASED), realiz\u00f3 el levantamiento del cuerpo para continuar con las investigaciones correspondientes.<\/p>\n","protected":false},"excerpt":{"rendered":"<p>La ma\u00f1ana de este 25 de septiembre de 2024, cerca de las 07:30, ciudadanos reportaron\u00a0 \u00a0una alerta sobre un posible suicidio en el barrio Santa Elena,\u00a0 de la ciudad de Zamora, provincia de Zamora Chinchipe. El reporte fue gestionado a trav\u00e9s del ECU-911, en coordinaci\u00f3n con la\u00a0 Polic\u00eda\u00a0 Nacional del Ecuador. Seg\u00fan el informe\u00a0 policial, [&hellip;]<\/p>\n","protected":false},"author":1,"featured_media":6667,"comment_status":"open","ping_status":"open","sticky":false,"template":"","format":"standard","meta":{"footnotes":""},"categories":[9],"tags":[],"_links":{"self":[{"href":"https:\/\/infozamoraec.com\/index.php\/wp-json\/wp\/v2\/posts\/6666"}],"collection":[{"href":"https:\/\/infozamoraec.com\/index.php\/wp-json\/wp\/v2\/posts"}],"about":[{"href":"https:\/\/infozamoraec.com\/index.php\/wp-json\/wp\/v2\/types\/post"}],"author":[{"embeddable":true,"href":"https:\/\/infozamoraec.com\/index.php\/wp-json\/wp\/v2\/users\/1"}],"replies":[{"embeddable":true,"href":"https:\/\/infozamoraec.com\/index.php\/wp-json\/wp\/v2\/comments?post=6666"}],"version-history":[{"count":2,"href":"https:\/\/infozamoraec.com\/index.php\/wp-json\/wp\/v2\/posts\/6666\/revisions"}],"predecessor-version":[{"id":6669,"href":"https:\/\/infozamoraec.com\/index.php\/wp-json\/wp\/v2\/posts\/6666\/revisions\/6669"}],"wp:featuredmedia":[{"embeddable":true,"href":"https:\/\/infozamoraec.com\/index.php\/wp-json\/wp\/v2\/media\/6667"}],"wp:attachment":[{"href":"https:\/\/infozamoraec.com\/index.php\/wp-json\/wp\/v2\/media?parent=6666"}],"wp:term":[{"taxonomy":"category","embeddable":true,"href":"https:\/\/infozamoraec.com\/index.php\/wp-json\/wp\/v2\/categories?post=6666"},{"taxonomy":"post_tag","embeddable":true,"href":"https:\/\/infozamoraec.com\/index.php\/wp-json\/wp\/v2\/tags?post=6666"}],"curies":[{"name":"wp","href":"https:\/\/api.w.org\/{rel}","templated":true}]}}