{"id":6641,"date":"2024-09-25T01:42:09","date_gmt":"2024-09-25T01:42:09","guid":{"rendered":"https:\/\/infozamoraec.com\/?p=6641"},"modified":"2024-09-25T01:42:09","modified_gmt":"2024-09-25T01:42:09","slug":"henry-cucalon-y-correa-cruzan-tuits-por-arduino-tomasi","status":"publish","type":"post","link":"https:\/\/infozamoraec.com\/index.php\/2024\/09\/25\/henry-cucalon-y-correa-cruzan-tuits-por-arduino-tomasi\/","title":{"rendered":"Henry Cucal\u00f3n y Correa cruzan tuits por Arduino Tomasi"},"content":{"rendered":"<p>La inclusi\u00f3n del nombre del investigador\u00a0<strong>Arduino Tomasi<\/strong>\u00a0en una lista de posibles ministros de Defensa de\u00a0<strong><a title=\"Henry Cucal\u00f3n\" href=\"https:\/\/www.larepublica.ec\/blog\/2024\/07\/06\/henry-cucalon-oficialmente-es-precandidato-presidencial-por-construye-de-maria-paula-romo\/\" target=\"_blank\" rel=\"noopener\">Henry Cucal\u00f3n<\/a><\/strong>,\u00a0<strong>candidato presidencial de Construye<\/strong>, ha provocado una airada cr\u00edtica en X del expresidente\u00a0<strong>Rafael Correa<\/strong>, que a su vez ha provocado la respuesta de Cucal\u00f3n.<\/p>\n<p>Cucal\u00f3n ha incluido a Tomasi en dicha lista a petici\u00f3n del\u00a0<strong><a title=\"diario Expreso\" href=\"https:\/\/www.expreso.ec\/actualidad\/cruce-tuits-henry-cucalon-rafael-correa-lista-gabinete-214652.html\" target=\"_blank\" rel=\"noopener\">diario Expreso<\/a><\/strong>, que ha pedido a los candidatos presidenciales que revelen nombres de sus eventuales colaboradores.<\/p>\n<p>Tomasi, un investigador guayaquile\u00f1o y estudiante de posdoctorado en la Universidad de Chicago, public\u00f3 en mayo un informe sobre las muertes violentas en el periodo de 2007-2018, en el que plantea que\u00a0<strong>la disminuci\u00f3n de las muertes violentas durante el gobierno de Correa, seg\u00fan las estad\u00edsticas del INEC, corr\u00eda paralelo al incremento de las \u00abmuertes de origen no determinado\u00bb<\/strong>. Seg\u00fan el estudio, se escondieron siete mil muertas durante ese per\u00edodo.<\/p>\n","protected":false},"excerpt":{"rendered":"<p>La inclusi\u00f3n del nombre del investigador\u00a0Arduino Tomasi\u00a0en una lista de posibles ministros de Defensa de\u00a0Henry Cucal\u00f3n,\u00a0candidato presidencial de Construye, ha provocado una airada cr\u00edtica en X del expresidente\u00a0Rafael Correa, que a su vez ha provocado la respuesta de Cucal\u00f3n. Cucal\u00f3n ha incluido a Tomasi en dicha lista a petici\u00f3n del\u00a0diario Expreso, que ha pedido a [&hellip;]<\/p>\n","protected":false},"author":1,"featured_media":6642,"comment_status":"open","ping_status":"open","sticky":false,"template":"","format":"standard","meta":{"footnotes":""},"categories":[12],"tags":[],"_links":{"self":[{"href":"https:\/\/infozamoraec.com\/index.php\/wp-json\/wp\/v2\/posts\/6641"}],"collection":[{"href":"https:\/\/infozamoraec.com\/index.php\/wp-json\/wp\/v2\/posts"}],"about":[{"href":"https:\/\/infozamoraec.com\/index.php\/wp-json\/wp\/v2\/types\/post"}],"author":[{"embeddable":true,"href":"https:\/\/infozamoraec.com\/index.php\/wp-json\/wp\/v2\/users\/1"}],"replies":[{"embeddable":true,"href":"https:\/\/infozamoraec.com\/index.php\/wp-json\/wp\/v2\/comments?post=6641"}],"version-history":[{"count":1,"href":"https:\/\/infozamoraec.com\/index.php\/wp-json\/wp\/v2\/posts\/6641\/revisions"}],"predecessor-version":[{"id":6643,"href":"https:\/\/infozamoraec.com\/index.php\/wp-json\/wp\/v2\/posts\/6641\/revisions\/6643"}],"wp:featuredmedia":[{"embeddable":true,"href":"https:\/\/infozamoraec.com\/index.php\/wp-json\/wp\/v2\/media\/6642"}],"wp:attachment":[{"href":"https:\/\/infozamoraec.com\/index.php\/wp-json\/wp\/v2\/media?parent=6641"}],"wp:term":[{"taxonomy":"category","embeddable":true,"href":"https:\/\/infozamoraec.com\/index.php\/wp-json\/wp\/v2\/categories?post=6641"},{"taxonomy":"post_tag","embeddable":true,"href":"https:\/\/infozamoraec.com\/index.php\/wp-json\/wp\/v2\/tags?post=6641"}],"curies":[{"name":"wp","href":"https:\/\/api.w.org\/{rel}","templated":true}]}}