{"id":6638,"date":"2024-09-25T01:40:30","date_gmt":"2024-09-25T01:40:30","guid":{"rendered":"https:\/\/infozamoraec.com\/?p=6638"},"modified":"2024-09-25T01:40:30","modified_gmt":"2024-09-25T01:40:30","slug":"tabacchi-es-el-primer-candidato-presidencial-que-pide-su-inscripcion-en-el-cne","status":"publish","type":"post","link":"https:\/\/infozamoraec.com\/index.php\/2024\/09\/25\/tabacchi-es-el-primer-candidato-presidencial-que-pide-su-inscripcion-en-el-cne\/","title":{"rendered":"Tabacchi es el primer candidato presidencial que pide su inscripci\u00f3n en el CNE"},"content":{"rendered":"<p>El binomio presidencial del movimiento CREO,\u00a0<strong><a title=\"Francesco Tabacci Rend\u00f3n\" href=\"https:\/\/www.larepublica.ec\/blog\/2024\/06\/26\/francesco-tabacchi-sera-el-candidato-presidencial-de-creo\/\" target=\"_blank\" rel=\"noopener\">Francesco Tabacci Rend\u00f3n<\/a>\u00a0y Blanca Sacancela Quishpe<\/strong>, ha sido el primero en solicitar la inscripci\u00f3n en el\u00a0<strong><a title=\"Consejo Nacional Electoral\" href=\"https:\/\/x.com\/cnegobec\" target=\"_blank\" rel=\"noopener\">Consejo Nacional Electoral<\/a>\u00a0(CNE)<\/strong>, para participar en los\u00a0comicios generales de 2025.<\/p>\n<p>El plazo para registrar las candidaturas termina el pr\u00f3ximo mi\u00e9rcoles, 2 de octubre a las 18:00. Esa etapa se realizar\u00e1 en l\u00ednea.<\/p>\n<p>Una vez que los 78 partidos y movimientos nacionales y provinciales habilitados para participar ingresen la documentaci\u00f3n, empezar\u00e1 la calificaci\u00f3n.<\/p>\n<p>Cada lista inscrita se remite a los partidos, movimientos y precandidatos, para que, de hallar sustento, presenten impugnaciones por incumplir requisitos, que ser\u00e1n resueltas por las juntas provinciales electorales (en el caso de los precandidatos a asamble\u00edstas provinciales), CNE y en \u00faltima instancia, el Tribunal Contencioso Electoral (TCE).<strong>\u00a0<\/strong><\/p>\n","protected":false},"excerpt":{"rendered":"<p>El binomio presidencial del movimiento CREO,\u00a0Francesco Tabacci Rend\u00f3n\u00a0y Blanca Sacancela Quishpe, ha sido el primero en solicitar la inscripci\u00f3n en el\u00a0Consejo Nacional Electoral\u00a0(CNE), para participar en los\u00a0comicios generales de 2025. El plazo para registrar las candidaturas termina el pr\u00f3ximo mi\u00e9rcoles, 2 de octubre a las 18:00. Esa etapa se realizar\u00e1 en l\u00ednea. Una vez que [&hellip;]<\/p>\n","protected":false},"author":1,"featured_media":6639,"comment_status":"open","ping_status":"open","sticky":false,"template":"","format":"standard","meta":{"footnotes":""},"categories":[12],"tags":[],"_links":{"self":[{"href":"https:\/\/infozamoraec.com\/index.php\/wp-json\/wp\/v2\/posts\/6638"}],"collection":[{"href":"https:\/\/infozamoraec.com\/index.php\/wp-json\/wp\/v2\/posts"}],"about":[{"href":"https:\/\/infozamoraec.com\/index.php\/wp-json\/wp\/v2\/types\/post"}],"author":[{"embeddable":true,"href":"https:\/\/infozamoraec.com\/index.php\/wp-json\/wp\/v2\/users\/1"}],"replies":[{"embeddable":true,"href":"https:\/\/infozamoraec.com\/index.php\/wp-json\/wp\/v2\/comments?post=6638"}],"version-history":[{"count":1,"href":"https:\/\/infozamoraec.com\/index.php\/wp-json\/wp\/v2\/posts\/6638\/revisions"}],"predecessor-version":[{"id":6640,"href":"https:\/\/infozamoraec.com\/index.php\/wp-json\/wp\/v2\/posts\/6638\/revisions\/6640"}],"wp:featuredmedia":[{"embeddable":true,"href":"https:\/\/infozamoraec.com\/index.php\/wp-json\/wp\/v2\/media\/6639"}],"wp:attachment":[{"href":"https:\/\/infozamoraec.com\/index.php\/wp-json\/wp\/v2\/media?parent=6638"}],"wp:term":[{"taxonomy":"category","embeddable":true,"href":"https:\/\/infozamoraec.com\/index.php\/wp-json\/wp\/v2\/categories?post=6638"},{"taxonomy":"post_tag","embeddable":true,"href":"https:\/\/infozamoraec.com\/index.php\/wp-json\/wp\/v2\/tags?post=6638"}],"curies":[{"name":"wp","href":"https:\/\/api.w.org\/{rel}","templated":true}]}}