{"id":6633,"date":"2024-09-25T01:25:51","date_gmt":"2024-09-25T01:25:51","guid":{"rendered":"https:\/\/infozamoraec.com\/?p=6633"},"modified":"2024-09-25T01:25:51","modified_gmt":"2024-09-25T01:25:51","slug":"accidente-de-transito-se-registro-en-la-via-a-san-carlos","status":"publish","type":"post","link":"https:\/\/infozamoraec.com\/index.php\/2024\/09\/25\/accidente-de-transito-se-registro-en-la-via-a-san-carlos\/","title":{"rendered":"Accidente de  transito se registr\u00f3 en la  v\u00eda a San Carlos"},"content":{"rendered":"<p>Este 24 de septiembre de 2024, la Polic\u00eda Nacional del Ecuador recibi\u00f3 el reporte de un accidente de tr\u00e1nsito\u00a0 ocurrido cerca de las 08h30 en la v\u00eda hacia San Carlos de las Minas,\u00a0 en el cant\u00f3n\u00a0 Zamora. El incidente involucr\u00f3 dos veh\u00edculos, en un\u00a0 choque de tipo\u00a0 lateral angular, sin que se registraran heridos ni fallecidos.<\/p>\n<p>El incidente se\u00a0 dio entre una camioneta doble cabina, color blanco, marca Chevrolet conducida por \u00a0Fabi\u00e1n Ismael S M, y una motocicleta color amarillo<br \/>\nmarca Axxo, conducida por Efra\u00edn Christian V M.<\/p>\n<p>Cabe indicar que los dos\u00a0 veh\u00edculos sufrieron da\u00f1os materiales y fueron trasladados a los patios de retenci\u00f3n vehicular de la Jefatura Provincial de Tr\u00e1nsito de Zamora Chinchipe (JPTZCH).<\/p>\n","protected":false},"excerpt":{"rendered":"<p>Este 24 de septiembre de 2024, la Polic\u00eda Nacional del Ecuador recibi\u00f3 el reporte de un accidente de tr\u00e1nsito\u00a0 ocurrido cerca de las 08h30 en la v\u00eda hacia San Carlos de las Minas,\u00a0 en el cant\u00f3n\u00a0 Zamora. El incidente involucr\u00f3 dos veh\u00edculos, en un\u00a0 choque de tipo\u00a0 lateral angular, sin que se registraran heridos ni [&hellip;]<\/p>\n","protected":false},"author":1,"featured_media":6634,"comment_status":"open","ping_status":"open","sticky":false,"template":"","format":"standard","meta":{"footnotes":""},"categories":[9],"tags":[],"_links":{"self":[{"href":"https:\/\/infozamoraec.com\/index.php\/wp-json\/wp\/v2\/posts\/6633"}],"collection":[{"href":"https:\/\/infozamoraec.com\/index.php\/wp-json\/wp\/v2\/posts"}],"about":[{"href":"https:\/\/infozamoraec.com\/index.php\/wp-json\/wp\/v2\/types\/post"}],"author":[{"embeddable":true,"href":"https:\/\/infozamoraec.com\/index.php\/wp-json\/wp\/v2\/users\/1"}],"replies":[{"embeddable":true,"href":"https:\/\/infozamoraec.com\/index.php\/wp-json\/wp\/v2\/comments?post=6633"}],"version-history":[{"count":1,"href":"https:\/\/infozamoraec.com\/index.php\/wp-json\/wp\/v2\/posts\/6633\/revisions"}],"predecessor-version":[{"id":6635,"href":"https:\/\/infozamoraec.com\/index.php\/wp-json\/wp\/v2\/posts\/6633\/revisions\/6635"}],"wp:featuredmedia":[{"embeddable":true,"href":"https:\/\/infozamoraec.com\/index.php\/wp-json\/wp\/v2\/media\/6634"}],"wp:attachment":[{"href":"https:\/\/infozamoraec.com\/index.php\/wp-json\/wp\/v2\/media?parent=6633"}],"wp:term":[{"taxonomy":"category","embeddable":true,"href":"https:\/\/infozamoraec.com\/index.php\/wp-json\/wp\/v2\/categories?post=6633"},{"taxonomy":"post_tag","embeddable":true,"href":"https:\/\/infozamoraec.com\/index.php\/wp-json\/wp\/v2\/tags?post=6633"}],"curies":[{"name":"wp","href":"https:\/\/api.w.org\/{rel}","templated":true}]}}